{"id":723,"date":"2026-02-06T03:54:37","date_gmt":"2026-02-06T06:54:37","guid":{"rendered":"https:\/\/www.encontrajuazeiro.com.br\/sobre\/prefeitura-de-juazeiro-do-norte-promove-dois-cortejos-culturais-nos-dias-12-e-13-de-fevereiro\/"},"modified":"2026-02-06T03:54:37","modified_gmt":"2026-02-06T06:54:37","slug":"prefeitura-de-juazeiro-do-norte-promove-dois-cortejos-culturais-nos-dias-12-e-13-de-fevereiro","status":"publish","type":"post","link":"https:\/\/www.encontrajuazeiro.com.br\/sobre\/prefeitura-de-juazeiro-do-norte-promove-dois-cortejos-culturais-nos-dias-12-e-13-de-fevereiro\/","title":{"rendered":"Prefeitura de Juazeiro do Norte promove dois cortejos culturais nos dias 12 e 13 de fevereiro"},"content":{"rendered":"<div class=\"ab2b9bee5e9d616051dbae42a1c75083\" data-index=\"1\" style=\"float: none; margin:0px;\">\n<!-- Anuncio display - global -->\r\n<ins class=\"adsbygoogle\"\r\n     style=\"display:block\"\r\n     data-ad-client=\"ca-pub-8585364105181520\"\r\n     data-ad-slot=\"8789329856\"\r\n     data-ad-format=\"auto\"\r\n     data-full-width-responsive=\"true\"><\/ins>\r\n<script>\r\n     (adsbygoogle = window.adsbygoogle || []).push({});\r\n<\/script>\n<\/div>\n<h2>O que s\u00e3o os Cortejos Culturais?<\/h2>\n<p>Os <strong>cortejos culturais<\/strong> s\u00e3o eventos festivos que promovem a cultura local e a identidade comunit\u00e1ria por meio de manifesta\u00e7\u00f5es art\u00edsticas e sociais. Estes cortejos re\u00fanem pessoas de diversas origens e caracter\u00edsticas, criando um espa\u00e7o de celebra\u00e7\u00e3o e aprecia\u00e7\u00e3o das tradi\u00e7\u00f5es populares. Geralmente, eles incluem m\u00fasica, dan\u00e7a, teatro e outras express\u00f5es culturais que informam e entret\u00eam a comunidade.<\/p>\n<h2>A Import\u00e2ncia da Cultura Popular<\/h2>\n<p>A cultura popular desempenha um papel fundamental na forma\u00e7\u00e3o da identidade de uma comunidade. Ao celebrar as tradi\u00e7\u00f5es locais, os cortejos ajudam a:<\/p>\n<ul>\n<li><strong>Preserva\u00e7\u00e3o Cultural:<\/strong> As manifesta\u00e7\u00f5es culturais mant\u00eam vivas as hist\u00f3rias e as tradi\u00e7\u00f5es dos antepassados, assegurando que estas n\u00e3o se percam ao longo do tempo.<\/li>\n<li><strong>Fortalecimento da Comunidade:<\/strong> Os cortejos incentivam a uni\u00e3o e a colabora\u00e7\u00e3o entre os moradores, criando la\u00e7os de amizade e coopera\u00e7\u00e3o.<\/li>\n<li><strong>Diversidade e Inclus\u00e3o:<\/strong> Eles promovem a inclus\u00e3o de todos os grupos sociais, dando visibilidade a artistas locais e a diferentes express\u00f5es culturais.<\/li>\n<\/ul>\n<h2>Quando e Onde Acontecer\u00e3o os Cortejos<\/h2>\n<p>Os cortejos culturais em Juazeiro do Norte acontecer\u00e3o nos dias 12 e 13 de fevereiro, com in\u00edcio programado para as 15h30 em ambos os dias. O <strong>2\u00ba Cortejo Cultural do CRAS Frei Dami\u00e3o<\/strong> ocorrer\u00e1 na quarta-feira, enquanto o <strong>1\u00ba Cortejo Cultural do CRAS Jo\u00e3o Cabral<\/strong> ser\u00e1 realizado na quinta-feira.<\/p>\n<p><img decoding=\"async\" src=\"http:\/\/www.encontrajuazeiro.com.br\/sobre\/wp-content\/uploads\/2026\/02\/prefeitura-de-juazeiro-do-norte-promove-dois-cortejos-culturais-nos-dias-12-e-13-de-fevereiro.webp\" alt=\"cortejos culturais\" loading=\"lazy\" \/><\/p>\n<h2>Programa\u00e7\u00e3o do 2\u00ba Cortejo do CRAS Frei Dami\u00e3o<\/h2>\n<p>O primeiro cortejo, que faz parte da programa\u00e7\u00e3o do CRAS Frei Dami\u00e3o, se dar\u00e1 com concentra\u00e7\u00e3o no <strong>Posto Jua\u00e7o<\/strong>, situado na Rua Francisco Martins de Souza. A caminhada seguir\u00e1 at\u00e9 a sede do CRAS, onde diversas manifesta\u00e7\u00f5es culturais ocorrer\u00e3o, reunindo:<\/p>\n<ul>\n<li>M\u00fasicos locais;<\/li>\n<li>Grupos religiosos;<\/li>\n<li>Artistas da comunidade;<\/li>\n<li>Moradores interessados em celebrar a cultura local.<\/li>\n<\/ul>\n<p>Esse evento ser\u00e1 um momento de celebra\u00e7\u00e3o que refor\u00e7ar\u00e1 a identidade cultural da popula\u00e7\u00e3o e promover\u00e1 a intera\u00e7\u00e3o entre os participantes.<\/p>\n<h2>Programa\u00e7\u00e3o do 1\u00ba Cortejo do CRAS Jo\u00e3o Cabral<\/h2>\n<p>No segundo dia, o cortejo dedicado ao CRAS Jo\u00e3o Cabral come\u00e7ar\u00e1 na <strong>Rua das Flores<\/strong>, especificamente em frente \u00e0 <strong>Cozinha Comunit\u00e1ria<\/strong>. Este trajeto tamb\u00e9m envolver\u00e1 uma s\u00e9rie de apresenta\u00e7\u00f5es culturais e art\u00edsticas, como:<\/p>\n<ul>\n<li>Dan\u00e7a popular;<\/li>\n<li>Apresenta\u00e7\u00f5es musicais;<\/li>\n<li>Exibi\u00e7\u00f5es teatrais locais.<\/li>\n<\/ul>\n<h2>Participa\u00e7\u00e3o da Comunidade nos Eventos<\/h2>\n<p>Um dos principais objetivos dos cortejos \u00e9 promover a <strong>participa\u00e7\u00e3o ativa<\/strong> da comunidade. Ao convidar moradores para se envolverem nos eventos, a Prefeitura de Juazeiro do Norte busca criar um senso de pertencimento e valoriza\u00e7\u00e3o das tradi\u00e7\u00f5es locais. A presen\u00e7a e o envolvimento da popula\u00e7\u00e3o s\u00e3o essenciais, pois permitem que as atividades culturais se tornem ainda mais ricas e diversificadas.<\/p>\n<h2>Destaque para a Inclus\u00e3o Social<\/h2>\n<p>Os cortejos culturais s\u00e3o uma oportunidade para destacar a import\u00e2ncias de a\u00e7\u00f5es que promovam a <strong>inclus\u00e3o social<\/strong>. Facilitar a participa\u00e7\u00e3o de diferentes grupos, incluindo aqueles que t\u00eam menos acesso \u00e0s atividades culturais, \u00e9 crucial. Isso garante que as festividades sejam representativas e acess\u00edveis a todos, independentemente de sua chave social.<\/p>\n<h2>A\u00e7\u00f5es Culturais e Cidadania<\/h2>\n<p>Al\u00e9m de celebrar a cultura, os cortejos promovem a <strong>cidadania<\/strong>. As a\u00e7\u00f5es culturais propostas durante os eventos incentivam a troca de experi\u00eancias e o respeito m\u00fatuo entre os participantes. Ao apoiar e participar desses cortejos, os cidad\u00e3os exercem seu direito de viver em comunidade, tornando-se mais conscientes do seu papel na sociedade.<\/p>\n<h2>Expectativas para os Cortejos<\/h2>\n<p>As expectativas para os cortejos culturais s\u00e3o altas. Espera-se que a quantidade de participantes cres\u00e7a a cada evento, promovendo uma atmosfera vibrante de arte, m\u00fasica e dan\u00e7a. O engajamento da comunidade \u00e9 essencial para tantas iniciativas futuras relacionadas \u00e0 cultura, contribuindo para a constru\u00e7\u00e3o de uma agenda cultural rica e diversificada.<\/p>\n<h2>Como Participar e Apoiar os Cortejos<\/h2>\n<p>A participa\u00e7\u00e3o da comunidade n\u00e3o se limita apenas a ser um espectador nos cortejos. H\u00e1 v\u00e1rias maneiras de ajudar a apoiar esses eventos, tais como:<\/p>\n<ul>\n<li>Divulgar as datas e informa\u00e7\u00f5es sobre os cortejos nas redes sociais;<\/li>\n<li>Incentivar amigos e familiares a participarem;<\/li>\n<li>Se envolver como artista ou volunt\u00e1rio durante as atividades;<\/li>\n<li>Contribuir com sugest\u00f5es de programa\u00e7\u00e3o ou de atividades;<\/li>\n<\/ul>\n<p>Com a colabora\u00e7\u00e3o de todos, os cortejos culturais t\u00eam o potencial de se tornarem um grande sucesso em Juazeiro do Norte, fortalecendo n\u00e3o apenas a cultura popular, mas tamb\u00e9m os la\u00e7os entre os cidad\u00e3os.<\/p>\n\n<div style=\"font-size: 0px; height: 0px; line-height: 0px; margin: 0; padding: 0; clear: both;\"><\/div>","protected":false},"excerpt":{"rendered":"<p>Juazeiro do Norte promove dois cortejos culturais nos dias 12 e 13 de fevereiro.<\/p>\n","protected":false},"author":1,"featured_media":722,"comment_status":"open","ping_status":"closed","sticky":false,"template":"","format":"standard","meta":{"footnotes":""},"categories":[5],"tags":[],"class_list":["post-723","post","type-post","status-publish","format-standard","has-post-thumbnail","hentry","category-noticias-em-juazeiro","has_thumb"],"aioseo_notices":[],"aioseo_head":"\n\t\t<!-- All in One SEO 5.0.0.1 - aioseo.com -->\n\t<meta name=\"description\" content=\"Juazeiro do Norte promove dois cortejos culturais nos dias 12 e 13 de fevereiro.\" \/>\n\t<meta name=\"robots\" content=\"max-image-preview:large\" \/>\n\t<meta name=\"author\" content=\"Encontra Juazeiro\"\/>\n\t<link rel=\"canonical\" href=\"https:\/\/www.encontrajuazeiro.com.br\/sobre\/prefeitura-de-juazeiro-do-norte-promove-dois-cortejos-culturais-nos-dias-12-e-13-de-fevereiro\/\" \/>\n\t<meta name=\"generator\" content=\"All in One SEO (AIOSEO) 5.0.0.1\" \/>\n\t\t<meta property=\"og:locale\" content=\"pt_BR\" \/>\n\t\t<meta property=\"og:site_name\" content=\"Encontra Juazeiro | Not\u00edcias, eventos, informa\u00e7\u00f5es e dicas na cidade Juazeiro e regi\u00e3o.\" \/>\n\t\t<meta property=\"og:type\" content=\"article\" \/>\n\t\t<meta property=\"og:title\" content=\"Prefeitura de Juazeiro do Norte promove dois cortejos culturais nos dias 12 e 13 de fevereiro | Encontra Juazeiro\" \/>\n\t\t<meta property=\"og:description\" content=\"Juazeiro do Norte promove dois cortejos culturais nos dias 12 e 13 de fevereiro.\" \/>\n\t\t<meta property=\"og:url\" content=\"https:\/\/www.encontrajuazeiro.com.br\/sobre\/prefeitura-de-juazeiro-do-norte-promove-dois-cortejos-culturais-nos-dias-12-e-13-de-fevereiro\/\" \/>\n\t\t<meta property=\"article:published_time\" content=\"2026-02-06T06:54:37+00:00\" \/>\n\t\t<meta property=\"article:modified_time\" content=\"2026-02-06T06:54:37+00:00\" \/>\n\t\t<meta name=\"twitter:card\" content=\"summary_large_image\" \/>\n\t\t<meta name=\"twitter:title\" content=\"Prefeitura de Juazeiro do Norte promove dois cortejos culturais nos dias 12 e 13 de fevereiro | Encontra Juazeiro\" \/>\n\t\t<meta name=\"twitter:description\" content=\"Juazeiro do Norte promove dois cortejos culturais nos dias 12 e 13 de fevereiro.\" \/>\n\t\t<script type=\"application\/ld+json\" class=\"aioseo-schema\">\n\t\t\t{\"@context\":\"https:\\\/\\\/schema.org\",\"@graph\":[{\"@type\":\"Article\",\"@id\":\"https:\\\/\\\/www.encontrajuazeiro.com.br\\\/sobre\\\/prefeitura-de-juazeiro-do-norte-promove-dois-cortejos-culturais-nos-dias-12-e-13-de-fevereiro\\\/#article\",\"name\":\"Prefeitura de Juazeiro do Norte promove dois cortejos culturais nos dias 12 e 13 de fevereiro | Encontra Juazeiro\",\"headline\":\"Prefeitura de Juazeiro do Norte promove dois cortejos culturais nos dias 12 e 13 de fevereiro\",\"author\":{\"@id\":\"https:\\\/\\\/www.encontrajuazeiro.com.br\\\/sobre\\\/author\\\/ejuazeiro\\\/#author\"},\"publisher\":{\"@id\":\"https:\\\/\\\/www.encontrajuazeiro.com.br\\\/sobre\\\/#organization\"},\"image\":{\"@type\":\"ImageObject\",\"url\":\"https:\\\/\\\/www.encontrajuazeiro.com.br\\\/sobre\\\/wp-content\\\/uploads\\\/2026\\\/02\\\/prefeitura-de-juazeiro-do-norte-promove-dois-cortejos-culturais-nos-dias-12-e-13-de-fevereiro.webp\",\"width\":280,\"height\":280,\"caption\":\"cortejos culturais\"},\"datePublished\":\"2026-02-06T03:54:37-03:00\",\"dateModified\":\"2026-02-06T03:54:37-03:00\",\"inLanguage\":\"pt-BR\",\"mainEntityOfPage\":{\"@id\":\"https:\\\/\\\/www.encontrajuazeiro.com.br\\\/sobre\\\/prefeitura-de-juazeiro-do-norte-promove-dois-cortejos-culturais-nos-dias-12-e-13-de-fevereiro\\\/#webpage\"},\"isPartOf\":{\"@id\":\"https:\\\/\\\/www.encontrajuazeiro.com.br\\\/sobre\\\/prefeitura-de-juazeiro-do-norte-promove-dois-cortejos-culturais-nos-dias-12-e-13-de-fevereiro\\\/#webpage\"},\"articleSection\":\"Not\\u00edcias Juazeiro\"},{\"@type\":\"BreadcrumbList\",\"@id\":\"https:\\\/\\\/www.encontrajuazeiro.com.br\\\/sobre\\\/prefeitura-de-juazeiro-do-norte-promove-dois-cortejos-culturais-nos-dias-12-e-13-de-fevereiro\\\/#breadcrumblist\",\"itemListElement\":[{\"@type\":\"ListItem\",\"@id\":\"https:\\\/\\\/www.encontrajuazeiro.com.br\\\/sobre#listItem\",\"position\":1,\"name\":\"Home\",\"item\":\"https:\\\/\\\/www.encontrajuazeiro.com.br\\\/sobre\",\"nextItem\":{\"@type\":\"ListItem\",\"@id\":\"https:\\\/\\\/www.encontrajuazeiro.com.br\\\/sobre\\\/noticias-em-juazeiro\\\/#listItem\",\"name\":\"Not\\u00edcias Juazeiro\"}},{\"@type\":\"ListItem\",\"@id\":\"https:\\\/\\\/www.encontrajuazeiro.com.br\\\/sobre\\\/noticias-em-juazeiro\\\/#listItem\",\"position\":2,\"name\":\"Not\\u00edcias Juazeiro\",\"item\":\"https:\\\/\\\/www.encontrajuazeiro.com.br\\\/sobre\\\/noticias-em-juazeiro\\\/\",\"nextItem\":{\"@type\":\"ListItem\",\"@id\":\"https:\\\/\\\/www.encontrajuazeiro.com.br\\\/sobre\\\/prefeitura-de-juazeiro-do-norte-promove-dois-cortejos-culturais-nos-dias-12-e-13-de-fevereiro\\\/#listItem\",\"name\":\"Prefeitura de Juazeiro do Norte promove dois cortejos culturais nos dias 12 e 13 de fevereiro\"},\"previousItem\":{\"@type\":\"ListItem\",\"@id\":\"https:\\\/\\\/www.encontrajuazeiro.com.br\\\/sobre#listItem\",\"name\":\"Home\"}},{\"@type\":\"ListItem\",\"@id\":\"https:\\\/\\\/www.encontrajuazeiro.com.br\\\/sobre\\\/prefeitura-de-juazeiro-do-norte-promove-dois-cortejos-culturais-nos-dias-12-e-13-de-fevereiro\\\/#listItem\",\"position\":3,\"name\":\"Prefeitura de Juazeiro do Norte promove dois cortejos culturais nos dias 12 e 13 de fevereiro\",\"previousItem\":{\"@type\":\"ListItem\",\"@id\":\"https:\\\/\\\/www.encontrajuazeiro.com.br\\\/sobre\\\/noticias-em-juazeiro\\\/#listItem\",\"name\":\"Not\\u00edcias Juazeiro\"}}]},{\"@type\":\"Organization\",\"@id\":\"https:\\\/\\\/www.encontrajuazeiro.com.br\\\/sobre\\\/#organization\",\"name\":\"Encontra Juazeiro\",\"description\":\"Not\\u00edcias, eventos, informa\\u00e7\\u00f5es e dicas na cidade Juazeiro e regi\\u00e3o.\",\"url\":\"https:\\\/\\\/www.encontrajuazeiro.com.br\\\/sobre\\\/\"},{\"@type\":\"Person\",\"@id\":\"https:\\\/\\\/www.encontrajuazeiro.com.br\\\/sobre\\\/author\\\/ejuazeiro\\\/#author\",\"url\":\"https:\\\/\\\/www.encontrajuazeiro.com.br\\\/sobre\\\/author\\\/ejuazeiro\\\/\",\"name\":\"Encontra Juazeiro\",\"image\":{\"@type\":\"ImageObject\",\"@id\":\"https:\\\/\\\/www.encontrajuazeiro.com.br\\\/sobre\\\/prefeitura-de-juazeiro-do-norte-promove-dois-cortejos-culturais-nos-dias-12-e-13-de-fevereiro\\\/#authorImage\",\"url\":\"https:\\\/\\\/secure.gravatar.com\\\/avatar\\\/507340682b8270222e1f208e23198b6ae7e2c6a1033ae84e99bc6bce4f82a387?s=96&d=mm&r=g\",\"width\":96,\"height\":96,\"caption\":\"Encontra Juazeiro\"}},{\"@type\":\"WebPage\",\"@id\":\"https:\\\/\\\/www.encontrajuazeiro.com.br\\\/sobre\\\/prefeitura-de-juazeiro-do-norte-promove-dois-cortejos-culturais-nos-dias-12-e-13-de-fevereiro\\\/#webpage\",\"url\":\"https:\\\/\\\/www.encontrajuazeiro.com.br\\\/sobre\\\/prefeitura-de-juazeiro-do-norte-promove-dois-cortejos-culturais-nos-dias-12-e-13-de-fevereiro\\\/\",\"name\":\"Prefeitura de Juazeiro do Norte promove dois cortejos culturais nos dias 12 e 13 de fevereiro | Encontra Juazeiro\",\"description\":\"Juazeiro do Norte promove dois cortejos culturais nos dias 12 e 13 de fevereiro.\",\"inLanguage\":\"pt-BR\",\"isPartOf\":{\"@id\":\"https:\\\/\\\/www.encontrajuazeiro.com.br\\\/sobre\\\/#website\"},\"breadcrumb\":{\"@id\":\"https:\\\/\\\/www.encontrajuazeiro.com.br\\\/sobre\\\/prefeitura-de-juazeiro-do-norte-promove-dois-cortejos-culturais-nos-dias-12-e-13-de-fevereiro\\\/#breadcrumblist\"},\"author\":{\"@id\":\"https:\\\/\\\/www.encontrajuazeiro.com.br\\\/sobre\\\/author\\\/ejuazeiro\\\/#author\"},\"creator\":{\"@id\":\"https:\\\/\\\/www.encontrajuazeiro.com.br\\\/sobre\\\/author\\\/ejuazeiro\\\/#author\"},\"image\":{\"@type\":\"ImageObject\",\"url\":\"https:\\\/\\\/www.encontrajuazeiro.com.br\\\/sobre\\\/wp-content\\\/uploads\\\/2026\\\/02\\\/prefeitura-de-juazeiro-do-norte-promove-dois-cortejos-culturais-nos-dias-12-e-13-de-fevereiro.webp\",\"@id\":\"https:\\\/\\\/www.encontrajuazeiro.com.br\\\/sobre\\\/prefeitura-de-juazeiro-do-norte-promove-dois-cortejos-culturais-nos-dias-12-e-13-de-fevereiro\\\/#mainImage\",\"width\":280,\"height\":280,\"caption\":\"cortejos culturais\"},\"primaryImageOfPage\":{\"@id\":\"https:\\\/\\\/www.encontrajuazeiro.com.br\\\/sobre\\\/prefeitura-de-juazeiro-do-norte-promove-dois-cortejos-culturais-nos-dias-12-e-13-de-fevereiro\\\/#mainImage\"},\"datePublished\":\"2026-02-06T03:54:37-03:00\",\"dateModified\":\"2026-02-06T03:54:37-03:00\"},{\"@type\":\"WebSite\",\"@id\":\"https:\\\/\\\/www.encontrajuazeiro.com.br\\\/sobre\\\/#website\",\"url\":\"https:\\\/\\\/www.encontrajuazeiro.com.br\\\/sobre\\\/\",\"name\":\"Encontra Juazeiro\",\"description\":\"Not\\u00edcias, eventos, informa\\u00e7\\u00f5es e dicas na cidade Juazeiro e regi\\u00e3o.\",\"inLanguage\":\"pt-BR\",\"publisher\":{\"@id\":\"https:\\\/\\\/www.encontrajuazeiro.com.br\\\/sobre\\\/#organization\"}}]}\n\t\t<\/script>\n\t\t<!-- All in One SEO -->\n\n","aioseo_head_json":{"title":"Prefeitura de Juazeiro do Norte promove dois cortejos culturais nos dias 12 e 13 de fevereiro | Encontra Juazeiro","description":"Juazeiro do Norte promove dois cortejos culturais nos dias 12 e 13 de fevereiro.","canonical_url":"https:\/\/www.encontrajuazeiro.com.br\/sobre\/prefeitura-de-juazeiro-do-norte-promove-dois-cortejos-culturais-nos-dias-12-e-13-de-fevereiro\/","robots":"max-image-preview:large","keywords":"","webmasterTools":{"miscellaneous":""},"schema":{"@context":"https:\/\/schema.org","@graph":[{"@type":"Article","@id":"https:\/\/www.encontrajuazeiro.com.br\/sobre\/prefeitura-de-juazeiro-do-norte-promove-dois-cortejos-culturais-nos-dias-12-e-13-de-fevereiro\/#article","name":"Prefeitura de Juazeiro do Norte promove dois cortejos culturais nos dias 12 e 13 de fevereiro | Encontra Juazeiro","headline":"Prefeitura de Juazeiro do Norte promove dois cortejos culturais nos dias 12 e 13 de fevereiro","author":{"@id":"https:\/\/www.encontrajuazeiro.com.br\/sobre\/author\/ejuazeiro\/#author"},"publisher":{"@id":"https:\/\/www.encontrajuazeiro.com.br\/sobre\/#organization"},"image":{"@type":"ImageObject","url":"https:\/\/www.encontrajuazeiro.com.br\/sobre\/wp-content\/uploads\/2026\/02\/prefeitura-de-juazeiro-do-norte-promove-dois-cortejos-culturais-nos-dias-12-e-13-de-fevereiro.webp","width":280,"height":280,"caption":"cortejos culturais"},"datePublished":"2026-02-06T03:54:37-03:00","dateModified":"2026-02-06T03:54:37-03:00","inLanguage":"pt-BR","mainEntityOfPage":{"@id":"https:\/\/www.encontrajuazeiro.com.br\/sobre\/prefeitura-de-juazeiro-do-norte-promove-dois-cortejos-culturais-nos-dias-12-e-13-de-fevereiro\/#webpage"},"isPartOf":{"@id":"https:\/\/www.encontrajuazeiro.com.br\/sobre\/prefeitura-de-juazeiro-do-norte-promove-dois-cortejos-culturais-nos-dias-12-e-13-de-fevereiro\/#webpage"},"articleSection":"Not\u00edcias Juazeiro"},{"@type":"BreadcrumbList","@id":"https:\/\/www.encontrajuazeiro.com.br\/sobre\/prefeitura-de-juazeiro-do-norte-promove-dois-cortejos-culturais-nos-dias-12-e-13-de-fevereiro\/#breadcrumblist","itemListElement":[{"@type":"ListItem","@id":"https:\/\/www.encontrajuazeiro.com.br\/sobre#listItem","position":1,"name":"Home","item":"https:\/\/www.encontrajuazeiro.com.br\/sobre","nextItem":{"@type":"ListItem","@id":"https:\/\/www.encontrajuazeiro.com.br\/sobre\/noticias-em-juazeiro\/#listItem","name":"Not\u00edcias Juazeiro"}},{"@type":"ListItem","@id":"https:\/\/www.encontrajuazeiro.com.br\/sobre\/noticias-em-juazeiro\/#listItem","position":2,"name":"Not\u00edcias Juazeiro","item":"https:\/\/www.encontrajuazeiro.com.br\/sobre\/noticias-em-juazeiro\/","nextItem":{"@type":"ListItem","@id":"https:\/\/www.encontrajuazeiro.com.br\/sobre\/prefeitura-de-juazeiro-do-norte-promove-dois-cortejos-culturais-nos-dias-12-e-13-de-fevereiro\/#listItem","name":"Prefeitura de Juazeiro do Norte promove dois cortejos culturais nos dias 12 e 13 de fevereiro"},"previousItem":{"@type":"ListItem","@id":"https:\/\/www.encontrajuazeiro.com.br\/sobre#listItem","name":"Home"}},{"@type":"ListItem","@id":"https:\/\/www.encontrajuazeiro.com.br\/sobre\/prefeitura-de-juazeiro-do-norte-promove-dois-cortejos-culturais-nos-dias-12-e-13-de-fevereiro\/#listItem","position":3,"name":"Prefeitura de Juazeiro do Norte promove dois cortejos culturais nos dias 12 e 13 de fevereiro","previousItem":{"@type":"ListItem","@id":"https:\/\/www.encontrajuazeiro.com.br\/sobre\/noticias-em-juazeiro\/#listItem","name":"Not\u00edcias Juazeiro"}}]},{"@type":"Organization","@id":"https:\/\/www.encontrajuazeiro.com.br\/sobre\/#organization","name":"Encontra Juazeiro","description":"Not\u00edcias, eventos, informa\u00e7\u00f5es e dicas na cidade Juazeiro e regi\u00e3o.","url":"https:\/\/www.encontrajuazeiro.com.br\/sobre\/"},{"@type":"Person","@id":"https:\/\/www.encontrajuazeiro.com.br\/sobre\/author\/ejuazeiro\/#author","url":"https:\/\/www.encontrajuazeiro.com.br\/sobre\/author\/ejuazeiro\/","name":"Encontra Juazeiro","image":{"@type":"ImageObject","@id":"https:\/\/www.encontrajuazeiro.com.br\/sobre\/prefeitura-de-juazeiro-do-norte-promove-dois-cortejos-culturais-nos-dias-12-e-13-de-fevereiro\/#authorImage","url":"https:\/\/secure.gravatar.com\/avatar\/507340682b8270222e1f208e23198b6ae7e2c6a1033ae84e99bc6bce4f82a387?s=96&d=mm&r=g","width":96,"height":96,"caption":"Encontra Juazeiro"}},{"@type":"WebPage","@id":"https:\/\/www.encontrajuazeiro.com.br\/sobre\/prefeitura-de-juazeiro-do-norte-promove-dois-cortejos-culturais-nos-dias-12-e-13-de-fevereiro\/#webpage","url":"https:\/\/www.encontrajuazeiro.com.br\/sobre\/prefeitura-de-juazeiro-do-norte-promove-dois-cortejos-culturais-nos-dias-12-e-13-de-fevereiro\/","name":"Prefeitura de Juazeiro do Norte promove dois cortejos culturais nos dias 12 e 13 de fevereiro | Encontra Juazeiro","description":"Juazeiro do Norte promove dois cortejos culturais nos dias 12 e 13 de fevereiro.","inLanguage":"pt-BR","isPartOf":{"@id":"https:\/\/www.encontrajuazeiro.com.br\/sobre\/#website"},"breadcrumb":{"@id":"https:\/\/www.encontrajuazeiro.com.br\/sobre\/prefeitura-de-juazeiro-do-norte-promove-dois-cortejos-culturais-nos-dias-12-e-13-de-fevereiro\/#breadcrumblist"},"author":{"@id":"https:\/\/www.encontrajuazeiro.com.br\/sobre\/author\/ejuazeiro\/#author"},"creator":{"@id":"https:\/\/www.encontrajuazeiro.com.br\/sobre\/author\/ejuazeiro\/#author"},"image":{"@type":"ImageObject","url":"https:\/\/www.encontrajuazeiro.com.br\/sobre\/wp-content\/uploads\/2026\/02\/prefeitura-de-juazeiro-do-norte-promove-dois-cortejos-culturais-nos-dias-12-e-13-de-fevereiro.webp","@id":"https:\/\/www.encontrajuazeiro.com.br\/sobre\/prefeitura-de-juazeiro-do-norte-promove-dois-cortejos-culturais-nos-dias-12-e-13-de-fevereiro\/#mainImage","width":280,"height":280,"caption":"cortejos culturais"},"primaryImageOfPage":{"@id":"https:\/\/www.encontrajuazeiro.com.br\/sobre\/prefeitura-de-juazeiro-do-norte-promove-dois-cortejos-culturais-nos-dias-12-e-13-de-fevereiro\/#mainImage"},"datePublished":"2026-02-06T03:54:37-03:00","dateModified":"2026-02-06T03:54:37-03:00"},{"@type":"WebSite","@id":"https:\/\/www.encontrajuazeiro.com.br\/sobre\/#website","url":"https:\/\/www.encontrajuazeiro.com.br\/sobre\/","name":"Encontra Juazeiro","description":"Not\u00edcias, eventos, informa\u00e7\u00f5es e dicas na cidade Juazeiro e regi\u00e3o.","inLanguage":"pt-BR","publisher":{"@id":"https:\/\/www.encontrajuazeiro.com.br\/sobre\/#organization"}}]},"og:locale":"pt_BR","og:site_name":"Encontra Juazeiro | Not\u00edcias, eventos, informa\u00e7\u00f5es e dicas na cidade Juazeiro e regi\u00e3o.","og:type":"article","og:title":"Prefeitura de Juazeiro do Norte promove dois cortejos culturais nos dias 12 e 13 de fevereiro | Encontra Juazeiro","og:description":"Juazeiro do Norte promove dois cortejos culturais nos dias 12 e 13 de fevereiro.","og:url":"https:\/\/www.encontrajuazeiro.com.br\/sobre\/prefeitura-de-juazeiro-do-norte-promove-dois-cortejos-culturais-nos-dias-12-e-13-de-fevereiro\/","article:published_time":"2026-02-06T06:54:37+00:00","article:modified_time":"2026-02-06T06:54:37+00:00","twitter:card":"summary_large_image","twitter:title":"Prefeitura de Juazeiro do Norte promove dois cortejos culturais nos dias 12 e 13 de fevereiro | Encontra Juazeiro","twitter:description":"Juazeiro do Norte promove dois cortejos culturais nos dias 12 e 13 de fevereiro."},"aioseo_meta_data":{"post_id":"723","title":null,"description":null,"keywords":null,"keyphrases":null,"primary_term":null,"canonical_url":null,"og_title":null,"og_description":null,"og_object_type":"default","og_image_type":"default","og_image_url":null,"og_image_width":null,"og_image_height":null,"og_image_custom_url":null,"og_image_custom_fields":null,"og_video":null,"og_custom_url":null,"og_article_section":null,"og_article_tags":null,"twitter_use_og":false,"twitter_card":"default","twitter_image_type":"default","twitter_image_url":null,"twitter_image_custom_url":null,"twitter_image_custom_fields":null,"twitter_title":null,"twitter_description":null,"schema":{"blockGraphs":[],"customGraphs":[],"default":{"data":{"Article":[],"Course":[],"Dataset":[],"FAQPage":[],"Movie":[],"Person":[],"Product":[],"ProductReview":[],"Car":[],"Recipe":[],"Service":[],"SoftwareApplication":[],"WebPage":[]},"graphName":"Article","isEnabled":true},"graphs":[]},"schema_type":"default","schema_type_options":null,"pillar_content":false,"robots_default":true,"robots_noindex":false,"robots_noarchive":false,"robots_nosnippet":false,"robots_nofollow":false,"robots_noimageindex":false,"robots_noodp":false,"robots_notranslate":false,"robots_max_snippet":null,"robots_max_videopreview":null,"robots_max_imagepreview":"large","priority":null,"frequency":null,"local_seo":null,"breadcrumb_settings":null,"limit_modified_date":false,"ai":null,"created":"2026-02-06 06:54:43","updated":"2026-02-06 07:03:16","focus_keyword":null,"additional_keywords":null,"truseo_locale":null,"seo_analyzer_scan_date":null},"aioseo_breadcrumb":"<div class=\"aioseo-breadcrumbs\"><span class=\"aioseo-breadcrumb\">\n\t\t\t<a href=\"https:\/\/www.encontrajuazeiro.com.br\/sobre\" title=\"Home\">Home<\/a>\n\t\t<\/span><span class=\"aioseo-breadcrumb-separator\">&raquo;<\/span><span class=\"aioseo-breadcrumb\">\n\t\t\t<a href=\"https:\/\/www.encontrajuazeiro.com.br\/sobre\/noticias-em-juazeiro\/\" title=\"Not\u00edcias Juazeiro\">Not\u00edcias Juazeiro<\/a>\n\t\t<\/span><span class=\"aioseo-breadcrumb-separator\">&raquo;<\/span><span class=\"aioseo-breadcrumb\">\n\t\t\tPrefeitura de Juazeiro do Norte promove dois cortejos culturais nos dias 12 e 13 de fevereiro\n\t\t<\/span><\/div>","aioseo_breadcrumb_json":[{"label":"Home","link":"https:\/\/www.encontrajuazeiro.com.br\/sobre"},{"label":"Not\u00edcias Juazeiro","link":"https:\/\/www.encontrajuazeiro.com.br\/sobre\/noticias-em-juazeiro\/"},{"label":"Prefeitura de Juazeiro do Norte promove dois cortejos culturais nos dias 12 e 13 de fevereiro","link":"https:\/\/www.encontrajuazeiro.com.br\/sobre\/prefeitura-de-juazeiro-do-norte-promove-dois-cortejos-culturais-nos-dias-12-e-13-de-fevereiro\/"}],"_links":{"self":[{"href":"https:\/\/www.encontrajuazeiro.com.br\/sobre\/wp-json\/wp\/v2\/posts\/723","targetHints":{"allow":["GET"]}}],"collection":[{"href":"https:\/\/www.encontrajuazeiro.com.br\/sobre\/wp-json\/wp\/v2\/posts"}],"about":[{"href":"https:\/\/www.encontrajuazeiro.com.br\/sobre\/wp-json\/wp\/v2\/types\/post"}],"author":[{"embeddable":true,"href":"https:\/\/www.encontrajuazeiro.com.br\/sobre\/wp-json\/wp\/v2\/users\/1"}],"replies":[{"embeddable":true,"href":"https:\/\/www.encontrajuazeiro.com.br\/sobre\/wp-json\/wp\/v2\/comments?post=723"}],"version-history":[{"count":0,"href":"https:\/\/www.encontrajuazeiro.com.br\/sobre\/wp-json\/wp\/v2\/posts\/723\/revisions"}],"wp:featuredmedia":[{"embeddable":true,"href":"https:\/\/www.encontrajuazeiro.com.br\/sobre\/wp-json\/wp\/v2\/media\/722"}],"wp:attachment":[{"href":"https:\/\/www.encontrajuazeiro.com.br\/sobre\/wp-json\/wp\/v2\/media?parent=723"}],"wp:term":[{"taxonomy":"category","embeddable":true,"href":"https:\/\/www.encontrajuazeiro.com.br\/sobre\/wp-json\/wp\/v2\/categories?post=723"},{"taxonomy":"post_tag","embeddable":true,"href":"https:\/\/www.encontrajuazeiro.com.br\/sobre\/wp-json\/wp\/v2\/tags?post=723"}],"curies":[{"name":"wp","href":"https:\/\/api.w.org\/{rel}","templated":true}]}}