{"id":651,"date":"2026-01-24T03:54:37","date_gmt":"2026-01-24T06:54:37","guid":{"rendered":"https:\/\/www.encontrajuazeiro.com.br\/sobre\/secretaria-de-saude-de-juazeiro-do-norte-realiza-semana-de-mobilizacao-contra-as-arboviroses\/"},"modified":"2026-01-24T03:54:37","modified_gmt":"2026-01-24T06:54:37","slug":"secretaria-de-saude-de-juazeiro-do-norte-realiza-semana-de-mobilizacao-contra-as-arboviroses","status":"publish","type":"post","link":"https:\/\/www.encontrajuazeiro.com.br\/sobre\/secretaria-de-saude-de-juazeiro-do-norte-realiza-semana-de-mobilizacao-contra-as-arboviroses\/","title":{"rendered":"Secretaria de Sa\u00fade de Juazeiro do Norte realiza Semana de Mobiliza\u00e7\u00e3o contra as Arboviroses"},"content":{"rendered":"<div class=\"ab2b9bee5e9d616051dbae42a1c75083\" data-index=\"1\" style=\"float: none; margin:0px;\">\n<!-- Anuncio display - global -->\r\n<ins class=\"adsbygoogle\"\r\n     style=\"display:block\"\r\n     data-ad-client=\"ca-pub-8585364105181520\"\r\n     data-ad-slot=\"8789329856\"\r\n     data-ad-format=\"auto\"\r\n     data-full-width-responsive=\"true\"><\/ins>\r\n<script>\r\n     (adsbygoogle = window.adsbygoogle || []).push({});\r\n<\/script>\n<\/div>\n<h2>O que s\u00e3o Arboviroses?<\/h2>\n<p>As arboviroses s\u00e3o doen\u00e7as virais transmitidas por artr\u00f3podes, como mosquitos, e incluem diversas infec\u00e7\u00f5es que s\u00e3o preocupantes para a sa\u00fade p\u00fablica. Entre elas est\u00e3o a dengue, zika e chikungunya. Essas doen\u00e7as t\u00eam crescido em incid\u00eancia nos \u00faltimos anos, especialmente em regi\u00f5es tropicais e subtropicais do mundo, sendo transmitidas principalmente pelo mosquito Aedes aegypti.<\/p>\n<h2>Import\u00e2ncia da Preven\u00e7\u00e3o<\/h2>\n<p>A preven\u00e7\u00e3o \u00e9 fundamental no combate \u00e0s arboviroses, uma vez que, apesar de existirem tratamentos, as complica\u00e7\u00f5es e impactos na sa\u00fade podem ser severos. Medidas simples, como eliminar focos de \u00e1gua parada e usar repelentes, podem fazer uma grande diferen\u00e7a na diminui\u00e7\u00e3o da contamina\u00e7\u00e3o. Este tipo de mobiliza\u00e7\u00e3o \u00e9 vital, principalmente em per\u00edodos chuvosos, que favorecem a prolifera\u00e7\u00e3o do mosquito transmissor.<\/p>\n<h2>Locais de Mobiliza\u00e7\u00e3o<\/h2>\n<p>Durante a Semana de Mobiliza\u00e7\u00e3o, as atividades estar\u00e3o concentradas em \u00e1reas de alta concentra\u00e7\u00e3o de pessoas, especificamente em templos religiosos da cidade, onde a popula\u00e7\u00e3o tende a se reunir. Os locais escolhidos s\u00e3o:<\/p>\n<p><img decoding=\"async\" src=\"http:\/\/www.encontrajuazeiro.com.br\/sobre\/wp-content\/uploads\/2026\/01\/secretaria-de-saude-de-juazeiro-do-norte-realiza-semana-de-mobilizacao-contra-as-arboviroses.webp\" alt=\"Semana de Mobiliza\u00e7\u00e3o contra as Arboviroses\" loading=\"lazy\" \/><\/p>\n<ul>\n<li>Bas\u00edlica de Nossa Senhora das Dores<\/li>\n<li>Santu\u00e1rio de S\u00e3o Francisco das Chagas<\/li>\n<li>Par\u00f3quia Sagrado Cora\u00e7\u00e3o de Jesus (Salesianos)<\/li>\n<li>Capela do Socorro<\/li>\n<li>Horto do Padre C\u00edcero<\/li>\n<\/ul>\n<h2>Atividades Durante a Semana<\/h2>\n<p>As a\u00e7\u00f5es programadas para esta semana de mobiliza\u00e7\u00e3o incluem:<\/p>\n<ul>\n<li>Panfletagens educativas, abordando a import\u00e2ncia da preven\u00e7\u00e3o e cuidados contra os mosquitos.<\/li>\n<li>Orienta\u00e7\u00f5es sobre pr\u00e1ticas de elimina\u00e7\u00e3o de focos do Aedes aegypti.<\/li>\n<li>Distribui\u00e7\u00e3o de materiais informativos.<\/li>\n<li>Intera\u00e7\u00e3o com a comunidade para esclarecer d\u00favidas e discutir pr\u00e1ticas preventivas.<\/li>\n<\/ul>\n<h2>P\u00fablico Alvo da Campanha<\/h2>\n<p>A campanha visa engajar toda a comunidade, com foco em grupos mais vulner\u00e1veis, como gestantes, idosos e pessoas com comorbidades. Esses grupos s\u00e3o mais suscet\u00edveis aos impactos das arboviroses e, portanto, precisam de aten\u00e7\u00e3o especial e informa\u00e7\u00f5es que os ajudem a se proteger.<\/p>\n<h2>Por Que o Combate \u00e9 Necess\u00e1rio?<\/h2>\n<p>O combate \u00e0s arboviroses se torna extremamente necess\u00e1rio devido \u00e0s consequ\u00eancias graves que podem causar, como febres altas, dores intensas, e, em casos mais severos, a morte. Essas doen\u00e7as t\u00eam potencial de deixar sequelas duradouras, especialmente em gestantes, que correm o risco de complica\u00e7\u00f5es que impactam tanto a m\u00e3e quanto o beb\u00ea. Al\u00e9m disso, a propaga\u00e7\u00e3o dessas doen\u00e7as pode sobrecarregar os sistemas de sa\u00fade, exigindo recursos e aten\u00e7\u00e3o que poderiam ser direcionados a outras necessidades da popula\u00e7\u00e3o.<\/p>\n<h2>Efeitos das Arboviroses em Gestantes<\/h2>\n<p>As arboviroses apresentam riscos elevados para gestantes. O v\u00edrus da zika, por exemplo, est\u00e1 associado a anomalias cong\u00eanitas, como a microcefalia. Al\u00e9m disso, o risco de aborto espont\u00e2neo e complica\u00e7\u00f5es no nascimento tornam essencial que gestantes estejam cientes dos riscos e se protejam com medidas preventivas.<\/p>\n<h2>Como Participar das Atividades<\/h2>\n<p>A popula\u00e7\u00e3o pode participar ativamente das atividades programadas na Semana de Mobiliza\u00e7\u00e3o, comparecendo aos locais designados e interagindo com as equipe de sa\u00fade. \u00c9 uma oportunidade para aprender e discutir estrat\u00e9gias de preven\u00e7\u00e3o que podem ser adotadas cotidianamente.<\/p>\n<h2>Hist\u00f3rico de Arboviroses na Regi\u00e3o<\/h2>\n<p>A regi\u00e3o j\u00e1 enfrentou surtos de arboviroses em diferentes per\u00edodos, revelando a necessidade cont\u00ednua de a\u00e7\u00f5es educativas e de mobiliza\u00e7\u00e3o efetivas. A frequ\u00eancia com que esses surtos ocorrem destaca a import\u00e2ncia de uma vigil\u00e2ncia constante e da participa\u00e7\u00e3o da comunidade nas estrat\u00e9gias de combate \u00e0s doen\u00e7as vetoriais.<\/p>\n<h2>Informa\u00e7\u00f5es Adicionais sobre a Secretaria de Sa\u00fade<\/h2>\n<p>A Secretaria de Sa\u00fade de Juazeiro do Norte \u00e9 respons\u00e1vel por implementar a\u00e7\u00f5es de preven\u00e7\u00e3o e controle de doen\u00e7as, al\u00e9m de oferecer suporte \u00e0 popula\u00e7\u00e3o em quest\u00f5es de sa\u00fade. A participa\u00e7\u00e3o da comunidade nas atividades promovidas \u00e9 fundamental para alcan\u00e7ar um controle efetivo das arboviroses e para promover um ambiente mais saud\u00e1vel.<\/p>\n<h2>Programa\u00e7\u00e3o Completa da Semana de Mobiliza\u00e7\u00e3o<\/h2>\n<p>A programa\u00e7\u00e3o completa das atividades \u00e9 a seguinte:<\/p>\n<ul>\n<li><strong>Segunda-feira (26\/01):<\/strong> Bas\u00edlica de Nossa Senhora das Dores<\/li>\n<li><strong>Ter\u00e7a-feira (27\/01):<\/strong> Santu\u00e1rio de S\u00e3o Francisco das Chagas<\/li>\n<li><strong>Quarta-feira (28\/01):<\/strong> Par\u00f3quia Sagrado Cora\u00e7\u00e3o de Jesus (Salesianos)<\/li>\n<li><strong>Quinta-feira (29\/01):<\/strong> Capela do Socorro<\/li>\n<li><strong>Sexta-feira (30\/01):<\/strong> Horto do Padre C\u00edcero<\/li>\n<\/ul>\n\n<div style=\"font-size: 0px; height: 0px; line-height: 0px; margin: 0; padding: 0; clear: both;\"><\/div>","protected":false},"excerpt":{"rendered":"<p>Descubra como a Semana de Mobiliza\u00e7\u00e3o visa combater as arboviroses em Juazeiro do Norte.<\/p>\n","protected":false},"author":1,"featured_media":650,"comment_status":"open","ping_status":"closed","sticky":false,"template":"","format":"standard","meta":{"footnotes":""},"categories":[5],"tags":[],"class_list":["post-651","post","type-post","status-publish","format-standard","has-post-thumbnail","hentry","category-noticias-em-juazeiro","has_thumb"],"aioseo_notices":[],"aioseo_head":"\n\t\t<!-- All in One SEO 5.0.0.1 - aioseo.com -->\n\t<meta name=\"description\" content=\"Descubra como a Semana de Mobiliza\u00e7\u00e3o visa combater as arboviroses em Juazeiro do Norte.\" \/>\n\t<meta name=\"robots\" content=\"max-image-preview:large\" \/>\n\t<meta name=\"author\" content=\"Encontra Juazeiro\"\/>\n\t<link rel=\"canonical\" href=\"https:\/\/www.encontrajuazeiro.com.br\/sobre\/secretaria-de-saude-de-juazeiro-do-norte-realiza-semana-de-mobilizacao-contra-as-arboviroses\/\" \/>\n\t<meta name=\"generator\" content=\"All in One SEO (AIOSEO) 5.0.0.1\" \/>\n\t\t<meta property=\"og:locale\" content=\"pt_BR\" \/>\n\t\t<meta property=\"og:site_name\" content=\"Encontra Juazeiro | Not\u00edcias, eventos, informa\u00e7\u00f5es e dicas na cidade Juazeiro e regi\u00e3o.\" \/>\n\t\t<meta property=\"og:type\" content=\"article\" \/>\n\t\t<meta property=\"og:title\" content=\"Secretaria de Sa\u00fade de Juazeiro do Norte realiza Semana de Mobiliza\u00e7\u00e3o contra as Arboviroses | Encontra Juazeiro\" \/>\n\t\t<meta property=\"og:description\" content=\"Descubra como a Semana de Mobiliza\u00e7\u00e3o visa combater as arboviroses em Juazeiro do Norte.\" \/>\n\t\t<meta property=\"og:url\" content=\"https:\/\/www.encontrajuazeiro.com.br\/sobre\/secretaria-de-saude-de-juazeiro-do-norte-realiza-semana-de-mobilizacao-contra-as-arboviroses\/\" \/>\n\t\t<meta property=\"article:published_time\" content=\"2026-01-24T06:54:37+00:00\" \/>\n\t\t<meta property=\"article:modified_time\" content=\"2026-01-24T06:54:37+00:00\" \/>\n\t\t<meta name=\"twitter:card\" content=\"summary_large_image\" \/>\n\t\t<meta name=\"twitter:title\" content=\"Secretaria de Sa\u00fade de Juazeiro do Norte realiza Semana de Mobiliza\u00e7\u00e3o contra as Arboviroses | Encontra Juazeiro\" \/>\n\t\t<meta name=\"twitter:description\" content=\"Descubra como a Semana de Mobiliza\u00e7\u00e3o visa combater as arboviroses em Juazeiro do Norte.\" \/>\n\t\t<script type=\"application\/ld+json\" class=\"aioseo-schema\">\n\t\t\t{\"@context\":\"https:\\\/\\\/schema.org\",\"@graph\":[{\"@type\":\"Article\",\"@id\":\"https:\\\/\\\/www.encontrajuazeiro.com.br\\\/sobre\\\/secretaria-de-saude-de-juazeiro-do-norte-realiza-semana-de-mobilizacao-contra-as-arboviroses\\\/#article\",\"name\":\"Secretaria de Sa\\u00fade de Juazeiro do Norte realiza Semana de Mobiliza\\u00e7\\u00e3o contra as Arboviroses | Encontra Juazeiro\",\"headline\":\"Secretaria de Sa\\u00fade de Juazeiro do Norte realiza Semana de Mobiliza\\u00e7\\u00e3o contra as Arboviroses\",\"author\":{\"@id\":\"https:\\\/\\\/www.encontrajuazeiro.com.br\\\/sobre\\\/author\\\/ejuazeiro\\\/#author\"},\"publisher\":{\"@id\":\"https:\\\/\\\/www.encontrajuazeiro.com.br\\\/sobre\\\/#organization\"},\"image\":{\"@type\":\"ImageObject\",\"url\":\"https:\\\/\\\/www.encontrajuazeiro.com.br\\\/sobre\\\/wp-content\\\/uploads\\\/2026\\\/01\\\/secretaria-de-saude-de-juazeiro-do-norte-realiza-semana-de-mobilizacao-contra-as-arboviroses.webp\",\"width\":280,\"height\":280,\"caption\":\"Semana de Mobiliza\\u00e7\\u00e3o contra as Arboviroses\"},\"datePublished\":\"2026-01-24T03:54:37-03:00\",\"dateModified\":\"2026-01-24T03:54:37-03:00\",\"inLanguage\":\"pt-BR\",\"mainEntityOfPage\":{\"@id\":\"https:\\\/\\\/www.encontrajuazeiro.com.br\\\/sobre\\\/secretaria-de-saude-de-juazeiro-do-norte-realiza-semana-de-mobilizacao-contra-as-arboviroses\\\/#webpage\"},\"isPartOf\":{\"@id\":\"https:\\\/\\\/www.encontrajuazeiro.com.br\\\/sobre\\\/secretaria-de-saude-de-juazeiro-do-norte-realiza-semana-de-mobilizacao-contra-as-arboviroses\\\/#webpage\"},\"articleSection\":\"Not\\u00edcias Juazeiro\"},{\"@type\":\"BreadcrumbList\",\"@id\":\"https:\\\/\\\/www.encontrajuazeiro.com.br\\\/sobre\\\/secretaria-de-saude-de-juazeiro-do-norte-realiza-semana-de-mobilizacao-contra-as-arboviroses\\\/#breadcrumblist\",\"itemListElement\":[{\"@type\":\"ListItem\",\"@id\":\"https:\\\/\\\/www.encontrajuazeiro.com.br\\\/sobre#listItem\",\"position\":1,\"name\":\"Home\",\"item\":\"https:\\\/\\\/www.encontrajuazeiro.com.br\\\/sobre\",\"nextItem\":{\"@type\":\"ListItem\",\"@id\":\"https:\\\/\\\/www.encontrajuazeiro.com.br\\\/sobre\\\/noticias-em-juazeiro\\\/#listItem\",\"name\":\"Not\\u00edcias Juazeiro\"}},{\"@type\":\"ListItem\",\"@id\":\"https:\\\/\\\/www.encontrajuazeiro.com.br\\\/sobre\\\/noticias-em-juazeiro\\\/#listItem\",\"position\":2,\"name\":\"Not\\u00edcias Juazeiro\",\"item\":\"https:\\\/\\\/www.encontrajuazeiro.com.br\\\/sobre\\\/noticias-em-juazeiro\\\/\",\"nextItem\":{\"@type\":\"ListItem\",\"@id\":\"https:\\\/\\\/www.encontrajuazeiro.com.br\\\/sobre\\\/secretaria-de-saude-de-juazeiro-do-norte-realiza-semana-de-mobilizacao-contra-as-arboviroses\\\/#listItem\",\"name\":\"Secretaria de Sa\\u00fade de Juazeiro do Norte realiza Semana de Mobiliza\\u00e7\\u00e3o contra as Arboviroses\"},\"previousItem\":{\"@type\":\"ListItem\",\"@id\":\"https:\\\/\\\/www.encontrajuazeiro.com.br\\\/sobre#listItem\",\"name\":\"Home\"}},{\"@type\":\"ListItem\",\"@id\":\"https:\\\/\\\/www.encontrajuazeiro.com.br\\\/sobre\\\/secretaria-de-saude-de-juazeiro-do-norte-realiza-semana-de-mobilizacao-contra-as-arboviroses\\\/#listItem\",\"position\":3,\"name\":\"Secretaria de Sa\\u00fade de Juazeiro do Norte realiza Semana de Mobiliza\\u00e7\\u00e3o contra as Arboviroses\",\"previousItem\":{\"@type\":\"ListItem\",\"@id\":\"https:\\\/\\\/www.encontrajuazeiro.com.br\\\/sobre\\\/noticias-em-juazeiro\\\/#listItem\",\"name\":\"Not\\u00edcias Juazeiro\"}}]},{\"@type\":\"Organization\",\"@id\":\"https:\\\/\\\/www.encontrajuazeiro.com.br\\\/sobre\\\/#organization\",\"name\":\"Encontra Juazeiro\",\"description\":\"Not\\u00edcias, eventos, informa\\u00e7\\u00f5es e dicas na cidade Juazeiro e regi\\u00e3o.\",\"url\":\"https:\\\/\\\/www.encontrajuazeiro.com.br\\\/sobre\\\/\"},{\"@type\":\"Person\",\"@id\":\"https:\\\/\\\/www.encontrajuazeiro.com.br\\\/sobre\\\/author\\\/ejuazeiro\\\/#author\",\"url\":\"https:\\\/\\\/www.encontrajuazeiro.com.br\\\/sobre\\\/author\\\/ejuazeiro\\\/\",\"name\":\"Encontra Juazeiro\",\"image\":{\"@type\":\"ImageObject\",\"@id\":\"https:\\\/\\\/www.encontrajuazeiro.com.br\\\/sobre\\\/secretaria-de-saude-de-juazeiro-do-norte-realiza-semana-de-mobilizacao-contra-as-arboviroses\\\/#authorImage\",\"url\":\"https:\\\/\\\/secure.gravatar.com\\\/avatar\\\/507340682b8270222e1f208e23198b6ae7e2c6a1033ae84e99bc6bce4f82a387?s=96&d=mm&r=g\",\"width\":96,\"height\":96,\"caption\":\"Encontra Juazeiro\"}},{\"@type\":\"WebPage\",\"@id\":\"https:\\\/\\\/www.encontrajuazeiro.com.br\\\/sobre\\\/secretaria-de-saude-de-juazeiro-do-norte-realiza-semana-de-mobilizacao-contra-as-arboviroses\\\/#webpage\",\"url\":\"https:\\\/\\\/www.encontrajuazeiro.com.br\\\/sobre\\\/secretaria-de-saude-de-juazeiro-do-norte-realiza-semana-de-mobilizacao-contra-as-arboviroses\\\/\",\"name\":\"Secretaria de Sa\\u00fade de Juazeiro do Norte realiza Semana de Mobiliza\\u00e7\\u00e3o contra as Arboviroses | Encontra Juazeiro\",\"description\":\"Descubra como a Semana de Mobiliza\\u00e7\\u00e3o visa combater as arboviroses em Juazeiro do Norte.\",\"inLanguage\":\"pt-BR\",\"isPartOf\":{\"@id\":\"https:\\\/\\\/www.encontrajuazeiro.com.br\\\/sobre\\\/#website\"},\"breadcrumb\":{\"@id\":\"https:\\\/\\\/www.encontrajuazeiro.com.br\\\/sobre\\\/secretaria-de-saude-de-juazeiro-do-norte-realiza-semana-de-mobilizacao-contra-as-arboviroses\\\/#breadcrumblist\"},\"author\":{\"@id\":\"https:\\\/\\\/www.encontrajuazeiro.com.br\\\/sobre\\\/author\\\/ejuazeiro\\\/#author\"},\"creator\":{\"@id\":\"https:\\\/\\\/www.encontrajuazeiro.com.br\\\/sobre\\\/author\\\/ejuazeiro\\\/#author\"},\"image\":{\"@type\":\"ImageObject\",\"url\":\"https:\\\/\\\/www.encontrajuazeiro.com.br\\\/sobre\\\/wp-content\\\/uploads\\\/2026\\\/01\\\/secretaria-de-saude-de-juazeiro-do-norte-realiza-semana-de-mobilizacao-contra-as-arboviroses.webp\",\"@id\":\"https:\\\/\\\/www.encontrajuazeiro.com.br\\\/sobre\\\/secretaria-de-saude-de-juazeiro-do-norte-realiza-semana-de-mobilizacao-contra-as-arboviroses\\\/#mainImage\",\"width\":280,\"height\":280,\"caption\":\"Semana de Mobiliza\\u00e7\\u00e3o contra as Arboviroses\"},\"primaryImageOfPage\":{\"@id\":\"https:\\\/\\\/www.encontrajuazeiro.com.br\\\/sobre\\\/secretaria-de-saude-de-juazeiro-do-norte-realiza-semana-de-mobilizacao-contra-as-arboviroses\\\/#mainImage\"},\"datePublished\":\"2026-01-24T03:54:37-03:00\",\"dateModified\":\"2026-01-24T03:54:37-03:00\"},{\"@type\":\"WebSite\",\"@id\":\"https:\\\/\\\/www.encontrajuazeiro.com.br\\\/sobre\\\/#website\",\"url\":\"https:\\\/\\\/www.encontrajuazeiro.com.br\\\/sobre\\\/\",\"name\":\"Encontra Juazeiro\",\"description\":\"Not\\u00edcias, eventos, informa\\u00e7\\u00f5es e dicas na cidade Juazeiro e regi\\u00e3o.\",\"inLanguage\":\"pt-BR\",\"publisher\":{\"@id\":\"https:\\\/\\\/www.encontrajuazeiro.com.br\\\/sobre\\\/#organization\"}}]}\n\t\t<\/script>\n\t\t<!-- All in One SEO -->\n\n","aioseo_head_json":{"title":"Secretaria de Sa\u00fade de Juazeiro do Norte realiza Semana de Mobiliza\u00e7\u00e3o contra as Arboviroses | Encontra Juazeiro","description":"Descubra como a Semana de Mobiliza\u00e7\u00e3o visa combater as arboviroses em Juazeiro do Norte.","canonical_url":"https:\/\/www.encontrajuazeiro.com.br\/sobre\/secretaria-de-saude-de-juazeiro-do-norte-realiza-semana-de-mobilizacao-contra-as-arboviroses\/","robots":"max-image-preview:large","keywords":"","webmasterTools":{"miscellaneous":""},"schema":{"@context":"https:\/\/schema.org","@graph":[{"@type":"Article","@id":"https:\/\/www.encontrajuazeiro.com.br\/sobre\/secretaria-de-saude-de-juazeiro-do-norte-realiza-semana-de-mobilizacao-contra-as-arboviroses\/#article","name":"Secretaria de Sa\u00fade de Juazeiro do Norte realiza Semana de Mobiliza\u00e7\u00e3o contra as Arboviroses | Encontra Juazeiro","headline":"Secretaria de Sa\u00fade de Juazeiro do Norte realiza Semana de Mobiliza\u00e7\u00e3o contra as Arboviroses","author":{"@id":"https:\/\/www.encontrajuazeiro.com.br\/sobre\/author\/ejuazeiro\/#author"},"publisher":{"@id":"https:\/\/www.encontrajuazeiro.com.br\/sobre\/#organization"},"image":{"@type":"ImageObject","url":"https:\/\/www.encontrajuazeiro.com.br\/sobre\/wp-content\/uploads\/2026\/01\/secretaria-de-saude-de-juazeiro-do-norte-realiza-semana-de-mobilizacao-contra-as-arboviroses.webp","width":280,"height":280,"caption":"Semana de Mobiliza\u00e7\u00e3o contra as Arboviroses"},"datePublished":"2026-01-24T03:54:37-03:00","dateModified":"2026-01-24T03:54:37-03:00","inLanguage":"pt-BR","mainEntityOfPage":{"@id":"https:\/\/www.encontrajuazeiro.com.br\/sobre\/secretaria-de-saude-de-juazeiro-do-norte-realiza-semana-de-mobilizacao-contra-as-arboviroses\/#webpage"},"isPartOf":{"@id":"https:\/\/www.encontrajuazeiro.com.br\/sobre\/secretaria-de-saude-de-juazeiro-do-norte-realiza-semana-de-mobilizacao-contra-as-arboviroses\/#webpage"},"articleSection":"Not\u00edcias Juazeiro"},{"@type":"BreadcrumbList","@id":"https:\/\/www.encontrajuazeiro.com.br\/sobre\/secretaria-de-saude-de-juazeiro-do-norte-realiza-semana-de-mobilizacao-contra-as-arboviroses\/#breadcrumblist","itemListElement":[{"@type":"ListItem","@id":"https:\/\/www.encontrajuazeiro.com.br\/sobre#listItem","position":1,"name":"Home","item":"https:\/\/www.encontrajuazeiro.com.br\/sobre","nextItem":{"@type":"ListItem","@id":"https:\/\/www.encontrajuazeiro.com.br\/sobre\/noticias-em-juazeiro\/#listItem","name":"Not\u00edcias Juazeiro"}},{"@type":"ListItem","@id":"https:\/\/www.encontrajuazeiro.com.br\/sobre\/noticias-em-juazeiro\/#listItem","position":2,"name":"Not\u00edcias Juazeiro","item":"https:\/\/www.encontrajuazeiro.com.br\/sobre\/noticias-em-juazeiro\/","nextItem":{"@type":"ListItem","@id":"https:\/\/www.encontrajuazeiro.com.br\/sobre\/secretaria-de-saude-de-juazeiro-do-norte-realiza-semana-de-mobilizacao-contra-as-arboviroses\/#listItem","name":"Secretaria de Sa\u00fade de Juazeiro do Norte realiza Semana de Mobiliza\u00e7\u00e3o contra as Arboviroses"},"previousItem":{"@type":"ListItem","@id":"https:\/\/www.encontrajuazeiro.com.br\/sobre#listItem","name":"Home"}},{"@type":"ListItem","@id":"https:\/\/www.encontrajuazeiro.com.br\/sobre\/secretaria-de-saude-de-juazeiro-do-norte-realiza-semana-de-mobilizacao-contra-as-arboviroses\/#listItem","position":3,"name":"Secretaria de Sa\u00fade de Juazeiro do Norte realiza Semana de Mobiliza\u00e7\u00e3o contra as Arboviroses","previousItem":{"@type":"ListItem","@id":"https:\/\/www.encontrajuazeiro.com.br\/sobre\/noticias-em-juazeiro\/#listItem","name":"Not\u00edcias Juazeiro"}}]},{"@type":"Organization","@id":"https:\/\/www.encontrajuazeiro.com.br\/sobre\/#organization","name":"Encontra Juazeiro","description":"Not\u00edcias, eventos, informa\u00e7\u00f5es e dicas na cidade Juazeiro e regi\u00e3o.","url":"https:\/\/www.encontrajuazeiro.com.br\/sobre\/"},{"@type":"Person","@id":"https:\/\/www.encontrajuazeiro.com.br\/sobre\/author\/ejuazeiro\/#author","url":"https:\/\/www.encontrajuazeiro.com.br\/sobre\/author\/ejuazeiro\/","name":"Encontra Juazeiro","image":{"@type":"ImageObject","@id":"https:\/\/www.encontrajuazeiro.com.br\/sobre\/secretaria-de-saude-de-juazeiro-do-norte-realiza-semana-de-mobilizacao-contra-as-arboviroses\/#authorImage","url":"https:\/\/secure.gravatar.com\/avatar\/507340682b8270222e1f208e23198b6ae7e2c6a1033ae84e99bc6bce4f82a387?s=96&d=mm&r=g","width":96,"height":96,"caption":"Encontra Juazeiro"}},{"@type":"WebPage","@id":"https:\/\/www.encontrajuazeiro.com.br\/sobre\/secretaria-de-saude-de-juazeiro-do-norte-realiza-semana-de-mobilizacao-contra-as-arboviroses\/#webpage","url":"https:\/\/www.encontrajuazeiro.com.br\/sobre\/secretaria-de-saude-de-juazeiro-do-norte-realiza-semana-de-mobilizacao-contra-as-arboviroses\/","name":"Secretaria de Sa\u00fade de Juazeiro do Norte realiza Semana de Mobiliza\u00e7\u00e3o contra as Arboviroses | Encontra Juazeiro","description":"Descubra como a Semana de Mobiliza\u00e7\u00e3o visa combater as arboviroses em Juazeiro do Norte.","inLanguage":"pt-BR","isPartOf":{"@id":"https:\/\/www.encontrajuazeiro.com.br\/sobre\/#website"},"breadcrumb":{"@id":"https:\/\/www.encontrajuazeiro.com.br\/sobre\/secretaria-de-saude-de-juazeiro-do-norte-realiza-semana-de-mobilizacao-contra-as-arboviroses\/#breadcrumblist"},"author":{"@id":"https:\/\/www.encontrajuazeiro.com.br\/sobre\/author\/ejuazeiro\/#author"},"creator":{"@id":"https:\/\/www.encontrajuazeiro.com.br\/sobre\/author\/ejuazeiro\/#author"},"image":{"@type":"ImageObject","url":"https:\/\/www.encontrajuazeiro.com.br\/sobre\/wp-content\/uploads\/2026\/01\/secretaria-de-saude-de-juazeiro-do-norte-realiza-semana-de-mobilizacao-contra-as-arboviroses.webp","@id":"https:\/\/www.encontrajuazeiro.com.br\/sobre\/secretaria-de-saude-de-juazeiro-do-norte-realiza-semana-de-mobilizacao-contra-as-arboviroses\/#mainImage","width":280,"height":280,"caption":"Semana de Mobiliza\u00e7\u00e3o contra as Arboviroses"},"primaryImageOfPage":{"@id":"https:\/\/www.encontrajuazeiro.com.br\/sobre\/secretaria-de-saude-de-juazeiro-do-norte-realiza-semana-de-mobilizacao-contra-as-arboviroses\/#mainImage"},"datePublished":"2026-01-24T03:54:37-03:00","dateModified":"2026-01-24T03:54:37-03:00"},{"@type":"WebSite","@id":"https:\/\/www.encontrajuazeiro.com.br\/sobre\/#website","url":"https:\/\/www.encontrajuazeiro.com.br\/sobre\/","name":"Encontra Juazeiro","description":"Not\u00edcias, eventos, informa\u00e7\u00f5es e dicas na cidade Juazeiro e regi\u00e3o.","inLanguage":"pt-BR","publisher":{"@id":"https:\/\/www.encontrajuazeiro.com.br\/sobre\/#organization"}}]},"og:locale":"pt_BR","og:site_name":"Encontra Juazeiro | Not\u00edcias, eventos, informa\u00e7\u00f5es e dicas na cidade Juazeiro e regi\u00e3o.","og:type":"article","og:title":"Secretaria de Sa\u00fade de Juazeiro do Norte realiza Semana de Mobiliza\u00e7\u00e3o contra as Arboviroses | Encontra Juazeiro","og:description":"Descubra como a Semana de Mobiliza\u00e7\u00e3o visa combater as arboviroses em Juazeiro do Norte.","og:url":"https:\/\/www.encontrajuazeiro.com.br\/sobre\/secretaria-de-saude-de-juazeiro-do-norte-realiza-semana-de-mobilizacao-contra-as-arboviroses\/","article:published_time":"2026-01-24T06:54:37+00:00","article:modified_time":"2026-01-24T06:54:37+00:00","twitter:card":"summary_large_image","twitter:title":"Secretaria de Sa\u00fade de Juazeiro do Norte realiza Semana de Mobiliza\u00e7\u00e3o contra as Arboviroses | Encontra Juazeiro","twitter:description":"Descubra como a Semana de Mobiliza\u00e7\u00e3o visa combater as arboviroses em Juazeiro do Norte."},"aioseo_meta_data":{"post_id":"651","title":null,"description":null,"keywords":null,"keyphrases":null,"primary_term":null,"canonical_url":null,"og_title":null,"og_description":null,"og_object_type":"default","og_image_type":"default","og_image_url":null,"og_image_width":null,"og_image_height":null,"og_image_custom_url":null,"og_image_custom_fields":null,"og_video":null,"og_custom_url":null,"og_article_section":null,"og_article_tags":null,"twitter_use_og":false,"twitter_card":"default","twitter_image_type":"default","twitter_image_url":null,"twitter_image_custom_url":null,"twitter_image_custom_fields":null,"twitter_title":null,"twitter_description":null,"schema":{"blockGraphs":[],"customGraphs":[],"default":{"data":{"Article":[],"Course":[],"Dataset":[],"FAQPage":[],"Movie":[],"Person":[],"Product":[],"ProductReview":[],"Car":[],"Recipe":[],"Service":[],"SoftwareApplication":[],"WebPage":[]},"graphName":"Article","isEnabled":true},"graphs":[]},"schema_type":"default","schema_type_options":null,"pillar_content":false,"robots_default":true,"robots_noindex":false,"robots_noarchive":false,"robots_nosnippet":false,"robots_nofollow":false,"robots_noimageindex":false,"robots_noodp":false,"robots_notranslate":false,"robots_max_snippet":null,"robots_max_videopreview":null,"robots_max_imagepreview":"large","priority":null,"frequency":null,"local_seo":null,"breadcrumb_settings":null,"limit_modified_date":false,"ai":null,"created":"2026-01-24 06:54:42","updated":"2026-01-24 06:56:48","focus_keyword":null,"additional_keywords":null,"truseo_locale":null,"seo_analyzer_scan_date":null},"aioseo_breadcrumb":"<div class=\"aioseo-breadcrumbs\"><span class=\"aioseo-breadcrumb\">\n\t\t\t<a href=\"https:\/\/www.encontrajuazeiro.com.br\/sobre\" title=\"Home\">Home<\/a>\n\t\t<\/span><span class=\"aioseo-breadcrumb-separator\">&raquo;<\/span><span class=\"aioseo-breadcrumb\">\n\t\t\t<a href=\"https:\/\/www.encontrajuazeiro.com.br\/sobre\/noticias-em-juazeiro\/\" title=\"Not\u00edcias Juazeiro\">Not\u00edcias Juazeiro<\/a>\n\t\t<\/span><span class=\"aioseo-breadcrumb-separator\">&raquo;<\/span><span class=\"aioseo-breadcrumb\">\n\t\t\tSecretaria de Sa\u00fade de Juazeiro do Norte realiza Semana de Mobiliza\u00e7\u00e3o contra as Arboviroses\n\t\t<\/span><\/div>","aioseo_breadcrumb_json":[{"label":"Home","link":"https:\/\/www.encontrajuazeiro.com.br\/sobre"},{"label":"Not\u00edcias Juazeiro","link":"https:\/\/www.encontrajuazeiro.com.br\/sobre\/noticias-em-juazeiro\/"},{"label":"Secretaria de Sa\u00fade de Juazeiro do Norte realiza Semana de Mobiliza\u00e7\u00e3o contra as Arboviroses","link":"https:\/\/www.encontrajuazeiro.com.br\/sobre\/secretaria-de-saude-de-juazeiro-do-norte-realiza-semana-de-mobilizacao-contra-as-arboviroses\/"}],"_links":{"self":[{"href":"https:\/\/www.encontrajuazeiro.com.br\/sobre\/wp-json\/wp\/v2\/posts\/651","targetHints":{"allow":["GET"]}}],"collection":[{"href":"https:\/\/www.encontrajuazeiro.com.br\/sobre\/wp-json\/wp\/v2\/posts"}],"about":[{"href":"https:\/\/www.encontrajuazeiro.com.br\/sobre\/wp-json\/wp\/v2\/types\/post"}],"author":[{"embeddable":true,"href":"https:\/\/www.encontrajuazeiro.com.br\/sobre\/wp-json\/wp\/v2\/users\/1"}],"replies":[{"embeddable":true,"href":"https:\/\/www.encontrajuazeiro.com.br\/sobre\/wp-json\/wp\/v2\/comments?post=651"}],"version-history":[{"count":0,"href":"https:\/\/www.encontrajuazeiro.com.br\/sobre\/wp-json\/wp\/v2\/posts\/651\/revisions"}],"wp:featuredmedia":[{"embeddable":true,"href":"https:\/\/www.encontrajuazeiro.com.br\/sobre\/wp-json\/wp\/v2\/media\/650"}],"wp:attachment":[{"href":"https:\/\/www.encontrajuazeiro.com.br\/sobre\/wp-json\/wp\/v2\/media?parent=651"}],"wp:term":[{"taxonomy":"category","embeddable":true,"href":"https:\/\/www.encontrajuazeiro.com.br\/sobre\/wp-json\/wp\/v2\/categories?post=651"},{"taxonomy":"post_tag","embeddable":true,"href":"https:\/\/www.encontrajuazeiro.com.br\/sobre\/wp-json\/wp\/v2\/tags?post=651"}],"curies":[{"name":"wp","href":"https:\/\/api.w.org\/{rel}","templated":true}]}}