{"id":649,"date":"2026-01-23T03:58:31","date_gmt":"2026-01-23T06:58:31","guid":{"rendered":"https:\/\/www.encontrajuazeiro.com.br\/sobre\/festejua-acontece-de-14-a-17-de-fevereiro-e-leva-o-carnaval-cultural-a-rua-do-cruzeiro\/"},"modified":"2026-01-23T03:58:31","modified_gmt":"2026-01-23T06:58:31","slug":"festejua-acontece-de-14-a-17-de-fevereiro-e-leva-o-carnaval-cultural-a-rua-do-cruzeiro","status":"publish","type":"post","link":"https:\/\/www.encontrajuazeiro.com.br\/sobre\/festejua-acontece-de-14-a-17-de-fevereiro-e-leva-o-carnaval-cultural-a-rua-do-cruzeiro\/","title":{"rendered":"Festeju\u00e1 acontece de 14 a 17 de fevereiro e leva o Carnaval Cultural \u00e0 Rua do Cruzeiro"},"content":{"rendered":"<div class=\"ab2b9bee5e9d616051dbae42a1c75083\" data-index=\"1\" style=\"float: none; margin:0px;\">\n<!-- Anuncio display - global -->\r\n<ins class=\"adsbygoogle\"\r\n     style=\"display:block\"\r\n     data-ad-client=\"ca-pub-8585364105181520\"\r\n     data-ad-slot=\"8789329856\"\r\n     data-ad-format=\"auto\"\r\n     data-full-width-responsive=\"true\"><\/ins>\r\n<script>\r\n     (adsbygoogle = window.adsbygoogle || []).push({});\r\n<\/script>\n<\/div>\n<h2>Hist\u00f3ria do Festeju\u00e1<\/h2>\n<p>O <strong>Festeju\u00e1<\/strong> \u00e9 uma celebra\u00e7\u00e3o que ocorre anualmente em Juazeiro do Norte e \u00e9 reconhecido como um marco do <strong>Carnaval Cultural<\/strong> da cidade. Surge como uma forma de promover a cultura local e valorizar as tradi\u00e7\u00f5es carnavalescas, reunindo diversos ritmos que fazem parte da rica tape\u00e7aria cultural da regi\u00e3o. Desde seu in\u00edcio, o evento visa integrar a comunidade e atrair visitantes de v\u00e1rias partes, cimentando-se como uma das principais festividades do calend\u00e1rio municipal.<\/p>\n<h2>Programa\u00e7\u00e3o do Festeju\u00e1 2026<\/h2>\n<p>A edi\u00e7\u00e3o de 2026 do Festeju\u00e1 acontecer\u00e1 entre os dias <strong>14 e 17 de fevereiro<\/strong>. A Rua do Cruzeiro, localizada ao lado da Pra\u00e7a Padre C\u00edcero, ser\u00e1 o ponto central das festividades. A programa\u00e7\u00e3o ser\u00e1 recheada de apresenta\u00e7\u00f5es de <strong>blocos carnavalescos, escolas de samba, grupos de maracatu e afox\u00e9s<\/strong>, al\u00e9m de contar com DJs e bandas que assegurar\u00e3o a divers\u00e3o com uma fus\u00e3o de ritmos tradicionais e contempor\u00e2neos.<\/p>\n<h2>Atra\u00e7\u00f5es Confirmadas para o Carnaval<\/h2>\n<p>Entre as atra\u00e7\u00f5es confirmadas, o Festeju\u00e1 contar\u00e1 com uma vasta gama de express\u00f5es art\u00edsticas. Diversos grupos locais e convidados j\u00e1 est\u00e3o em fase de prepara\u00e7\u00e3o, prontos para levar ao p\u00fablico uma experi\u00eancia inesquec\u00edvel. A divulga\u00e7\u00e3o final das atra\u00e7\u00f5es e dos hor\u00e1rios das apresenta\u00e7\u00f5es ocorrer\u00e1 ap\u00f3s a convoca\u00e7\u00e3o dos grupos carnavalescos atrav\u00e9s do edital.<\/p>\n<p><img decoding=\"async\" src=\"http:\/\/www.encontrajuazeiro.com.br\/sobre\/wp-content\/uploads\/2026\/01\/festejua-acontece-de-14-a-17-de-fevereiro-e-leva-o-carnaval-cultural-a-rua-do-cruzeiro.webp\" alt=\"Festeju\u00e1\" loading=\"lazy\" \/><\/p>\n<h2>Localiza\u00e7\u00e3o do Evento e Estrutura<\/h2>\n<p>O evento ser\u00e1 realizado na <strong>Rua do Cruzeiro<\/strong>, um espa\u00e7o que oferece uma \u00f3tima estrutura para acolher os visitantes. Com uma \u00e1rea ampla, a Rua do Cruzeiro \u00e9 ideal para acomodar as diversas atividades programadas, permitindo que as apresenta\u00e7\u00f5es ocorram com conforto e seguran\u00e7a. Barracas de alimenta\u00e7\u00e3o e op\u00e7\u00f5es de entretenimento tamb\u00e9m estar\u00e3o dispon\u00edveis, garantindo uma experi\u00eancia completa para todos os participantes.<\/p>\n<h2>Preparativos e Ensaios para a Festa<\/h2>\n<p>Enquanto o in\u00edcio das festividades se aproxima, os preparativos est\u00e3o a todo vapor. As <strong>escolas de samba<\/strong> est\u00e3o realizando ensaios intensivos, e os <strong>blocos carnavalescos<\/strong> est\u00e3o se mobilizando para garantir que a folia seja bem recebida pelo p\u00fablico. Reuni\u00f5es organizativas e articula\u00e7\u00f5es em busca de parcerias s\u00e3o parte do cotidiano que antecede o evento, sempre visando uma edi\u00e7\u00e3o que valorize a participa\u00e7\u00e3o popular e celebre a diversidade cultural de Juazeiro do Norte.<\/p>\n<h2>Como Participar do Festeju\u00e1<\/h2>\n<p>Participar do <strong>Festeju\u00e1<\/strong> \u00e9 f\u00e1cil e acess\u00edvel. Tanto os moradores locais quanto os turistas podem se unir \u00e0 celebra\u00e7\u00e3o sem necessidade de inscri\u00e7\u00f5es ou convites pr\u00e9vios. Basta comparecer ao evento, que \u00e9 gratuito e aberto ao p\u00fablico. Os interessados em participar ativamente, seja como parte de um bloco ou escola de samba, devem ficar atentos \u00e0 convoca\u00e7\u00e3o por meio do edital que ser\u00e1 publicado pela Prefeitura.<\/p>\n<h2>Dicas para Aproveitar o Carnaval em Juazeiro<\/h2>\n<p>Para aqueles que desejam maximizar a experi\u00eancia durante o <strong>Festeju\u00e1<\/strong>, algumas dicas podem fazer toda a diferen\u00e7a:<\/p>\n<ul>\n<li><strong>Chegue cedo:<\/strong> Assim, voc\u00ea consegue um bom lugar para aproveitar as apresenta\u00e7\u00f5es.<\/li>\n<li><strong>Use roupas leves:<\/strong> O clima durante o carnaval pode ser quente, ent\u00e3o escolha vestu\u00e1rio confort\u00e1vel.<\/li>\n<li><strong>Experimente a gastronomia local:<\/strong> N\u00e3o perca a oportunidade de provar pratos t\u00edpicos nas barracas de alimenta\u00e7\u00e3o.<\/li>\n<li><strong>Mantenha-se hidratado:<\/strong> Beba bastante \u00e1gua, especialmente se voc\u00ea estiver dan\u00e7ando e se movimentando muito.<\/li>\n<li><strong>Respeite as normas de seguran\u00e7a:<\/strong> Siga as orienta\u00e7\u00f5es das autoridades e evite situa\u00e7\u00f5es perigosas.<\/li>\n<\/ul>\n<h2>Impacto Cultural do Festeju\u00e1 na Comunidade<\/h2>\n<p>O <strong>Festeju\u00e1<\/strong> n\u00e3o \u00e9 apenas um evento de entretenimento; ele desempenha um papel fundamental na cultura local. Promove a uni\u00e3o e a intera\u00e7\u00e3o entre os diversos grupos sociais, fortalecendo as identidades culturais e as tradi\u00e7\u00f5es da regi\u00e3o. Al\u00e9m disso, o evento impulsiona a economia local, atraindo turistas e apoiando pequenos neg\u00f3cios e artistas. A realiza\u00e7\u00e3o deste carnaval \u00e9 um testemunho da vibrante cultura nordestina e da import\u00e2ncia de manter vivas as tradi\u00e7\u00f5es.<\/p>\n<h2>Informa\u00e7\u00f5es Adicionais e Contato<\/h2>\n<p>Para mais informa\u00e7\u00f5es sobre o <strong>Festeju\u00e1<\/strong>, a popula\u00e7\u00e3o e visitantes podem acessar o site da <strong>Prefeitura Municipal de Juazeiro do Norte<\/strong>. A Secretaria Municipal de Cultura est\u00e1 \u00e0 disposi\u00e7\u00e3o para quaisquer d\u00favidas sobre o evento e as atividades relacionadas ao carnaval. Os interessados podem entrar em contato por meio da ouvidoria ou pelas redes sociais da prefeitura. A participa\u00e7\u00e3o da comunidade \u00e9 essencial para o sucesso do evento.<\/p>\n\n<div style=\"font-size: 0px; height: 0px; line-height: 0px; margin: 0; padding: 0; clear: both;\"><\/div>","protected":false},"excerpt":{"rendered":"<p>Festeju\u00e1 traz o Carnaval Cultural para Juazeiro do Norte com muita anima\u00e7\u00e3o.<\/p>\n","protected":false},"author":1,"featured_media":648,"comment_status":"open","ping_status":"closed","sticky":false,"template":"","format":"standard","meta":{"footnotes":""},"categories":[5],"tags":[],"class_list":["post-649","post","type-post","status-publish","format-standard","has-post-thumbnail","hentry","category-noticias-em-juazeiro","has_thumb"],"aioseo_notices":[],"aioseo_head":"\n\t\t<!-- All in One SEO 5.0.0.1 - aioseo.com -->\n\t<meta name=\"description\" content=\"Festeju\u00e1 traz o Carnaval Cultural para Juazeiro do Norte com muita anima\u00e7\u00e3o.\" \/>\n\t<meta name=\"robots\" content=\"max-image-preview:large\" \/>\n\t<meta name=\"author\" content=\"Encontra Juazeiro\"\/>\n\t<link rel=\"canonical\" href=\"https:\/\/www.encontrajuazeiro.com.br\/sobre\/festejua-acontece-de-14-a-17-de-fevereiro-e-leva-o-carnaval-cultural-a-rua-do-cruzeiro\/\" \/>\n\t<meta name=\"generator\" content=\"All in One SEO (AIOSEO) 5.0.0.1\" \/>\n\t\t<meta property=\"og:locale\" content=\"pt_BR\" \/>\n\t\t<meta property=\"og:site_name\" content=\"Encontra Juazeiro | Not\u00edcias, eventos, informa\u00e7\u00f5es e dicas na cidade Juazeiro e regi\u00e3o.\" \/>\n\t\t<meta property=\"og:type\" content=\"article\" \/>\n\t\t<meta property=\"og:title\" content=\"Festeju\u00e1 acontece de 14 a 17 de fevereiro e leva o Carnaval Cultural \u00e0 Rua do Cruzeiro | Encontra Juazeiro\" \/>\n\t\t<meta property=\"og:description\" content=\"Festeju\u00e1 traz o Carnaval Cultural para Juazeiro do Norte com muita anima\u00e7\u00e3o.\" \/>\n\t\t<meta property=\"og:url\" content=\"https:\/\/www.encontrajuazeiro.com.br\/sobre\/festejua-acontece-de-14-a-17-de-fevereiro-e-leva-o-carnaval-cultural-a-rua-do-cruzeiro\/\" \/>\n\t\t<meta property=\"article:published_time\" content=\"2026-01-23T06:58:31+00:00\" \/>\n\t\t<meta property=\"article:modified_time\" content=\"2026-01-23T06:58:31+00:00\" \/>\n\t\t<meta name=\"twitter:card\" content=\"summary_large_image\" \/>\n\t\t<meta name=\"twitter:title\" content=\"Festeju\u00e1 acontece de 14 a 17 de fevereiro e leva o Carnaval Cultural \u00e0 Rua do Cruzeiro | Encontra Juazeiro\" \/>\n\t\t<meta name=\"twitter:description\" content=\"Festeju\u00e1 traz o Carnaval Cultural para Juazeiro do Norte com muita anima\u00e7\u00e3o.\" \/>\n\t\t<script type=\"application\/ld+json\" class=\"aioseo-schema\">\n\t\t\t{\"@context\":\"https:\\\/\\\/schema.org\",\"@graph\":[{\"@type\":\"Article\",\"@id\":\"https:\\\/\\\/www.encontrajuazeiro.com.br\\\/sobre\\\/festejua-acontece-de-14-a-17-de-fevereiro-e-leva-o-carnaval-cultural-a-rua-do-cruzeiro\\\/#article\",\"name\":\"Festeju\\u00e1 acontece de 14 a 17 de fevereiro e leva o Carnaval Cultural \\u00e0 Rua do Cruzeiro | Encontra Juazeiro\",\"headline\":\"Festeju\\u00e1 acontece de 14 a 17 de fevereiro e leva o Carnaval Cultural \\u00e0 Rua do Cruzeiro\",\"author\":{\"@id\":\"https:\\\/\\\/www.encontrajuazeiro.com.br\\\/sobre\\\/author\\\/ejuazeiro\\\/#author\"},\"publisher\":{\"@id\":\"https:\\\/\\\/www.encontrajuazeiro.com.br\\\/sobre\\\/#organization\"},\"image\":{\"@type\":\"ImageObject\",\"url\":\"https:\\\/\\\/www.encontrajuazeiro.com.br\\\/sobre\\\/wp-content\\\/uploads\\\/2026\\\/01\\\/festejua-acontece-de-14-a-17-de-fevereiro-e-leva-o-carnaval-cultural-a-rua-do-cruzeiro.webp\",\"width\":280,\"height\":280,\"caption\":\"Festeju\\u00e1\"},\"datePublished\":\"2026-01-23T03:58:31-03:00\",\"dateModified\":\"2026-01-23T03:58:31-03:00\",\"inLanguage\":\"pt-BR\",\"mainEntityOfPage\":{\"@id\":\"https:\\\/\\\/www.encontrajuazeiro.com.br\\\/sobre\\\/festejua-acontece-de-14-a-17-de-fevereiro-e-leva-o-carnaval-cultural-a-rua-do-cruzeiro\\\/#webpage\"},\"isPartOf\":{\"@id\":\"https:\\\/\\\/www.encontrajuazeiro.com.br\\\/sobre\\\/festejua-acontece-de-14-a-17-de-fevereiro-e-leva-o-carnaval-cultural-a-rua-do-cruzeiro\\\/#webpage\"},\"articleSection\":\"Not\\u00edcias Juazeiro\"},{\"@type\":\"BreadcrumbList\",\"@id\":\"https:\\\/\\\/www.encontrajuazeiro.com.br\\\/sobre\\\/festejua-acontece-de-14-a-17-de-fevereiro-e-leva-o-carnaval-cultural-a-rua-do-cruzeiro\\\/#breadcrumblist\",\"itemListElement\":[{\"@type\":\"ListItem\",\"@id\":\"https:\\\/\\\/www.encontrajuazeiro.com.br\\\/sobre#listItem\",\"position\":1,\"name\":\"Home\",\"item\":\"https:\\\/\\\/www.encontrajuazeiro.com.br\\\/sobre\",\"nextItem\":{\"@type\":\"ListItem\",\"@id\":\"https:\\\/\\\/www.encontrajuazeiro.com.br\\\/sobre\\\/noticias-em-juazeiro\\\/#listItem\",\"name\":\"Not\\u00edcias Juazeiro\"}},{\"@type\":\"ListItem\",\"@id\":\"https:\\\/\\\/www.encontrajuazeiro.com.br\\\/sobre\\\/noticias-em-juazeiro\\\/#listItem\",\"position\":2,\"name\":\"Not\\u00edcias Juazeiro\",\"item\":\"https:\\\/\\\/www.encontrajuazeiro.com.br\\\/sobre\\\/noticias-em-juazeiro\\\/\",\"nextItem\":{\"@type\":\"ListItem\",\"@id\":\"https:\\\/\\\/www.encontrajuazeiro.com.br\\\/sobre\\\/festejua-acontece-de-14-a-17-de-fevereiro-e-leva-o-carnaval-cultural-a-rua-do-cruzeiro\\\/#listItem\",\"name\":\"Festeju\\u00e1 acontece de 14 a 17 de fevereiro e leva o Carnaval Cultural \\u00e0 Rua do Cruzeiro\"},\"previousItem\":{\"@type\":\"ListItem\",\"@id\":\"https:\\\/\\\/www.encontrajuazeiro.com.br\\\/sobre#listItem\",\"name\":\"Home\"}},{\"@type\":\"ListItem\",\"@id\":\"https:\\\/\\\/www.encontrajuazeiro.com.br\\\/sobre\\\/festejua-acontece-de-14-a-17-de-fevereiro-e-leva-o-carnaval-cultural-a-rua-do-cruzeiro\\\/#listItem\",\"position\":3,\"name\":\"Festeju\\u00e1 acontece de 14 a 17 de fevereiro e leva o Carnaval Cultural \\u00e0 Rua do Cruzeiro\",\"previousItem\":{\"@type\":\"ListItem\",\"@id\":\"https:\\\/\\\/www.encontrajuazeiro.com.br\\\/sobre\\\/noticias-em-juazeiro\\\/#listItem\",\"name\":\"Not\\u00edcias Juazeiro\"}}]},{\"@type\":\"Organization\",\"@id\":\"https:\\\/\\\/www.encontrajuazeiro.com.br\\\/sobre\\\/#organization\",\"name\":\"Encontra Juazeiro\",\"description\":\"Not\\u00edcias, eventos, informa\\u00e7\\u00f5es e dicas na cidade Juazeiro e regi\\u00e3o.\",\"url\":\"https:\\\/\\\/www.encontrajuazeiro.com.br\\\/sobre\\\/\"},{\"@type\":\"Person\",\"@id\":\"https:\\\/\\\/www.encontrajuazeiro.com.br\\\/sobre\\\/author\\\/ejuazeiro\\\/#author\",\"url\":\"https:\\\/\\\/www.encontrajuazeiro.com.br\\\/sobre\\\/author\\\/ejuazeiro\\\/\",\"name\":\"Encontra Juazeiro\",\"image\":{\"@type\":\"ImageObject\",\"@id\":\"https:\\\/\\\/www.encontrajuazeiro.com.br\\\/sobre\\\/festejua-acontece-de-14-a-17-de-fevereiro-e-leva-o-carnaval-cultural-a-rua-do-cruzeiro\\\/#authorImage\",\"url\":\"https:\\\/\\\/secure.gravatar.com\\\/avatar\\\/507340682b8270222e1f208e23198b6ae7e2c6a1033ae84e99bc6bce4f82a387?s=96&d=mm&r=g\",\"width\":96,\"height\":96,\"caption\":\"Encontra Juazeiro\"}},{\"@type\":\"WebPage\",\"@id\":\"https:\\\/\\\/www.encontrajuazeiro.com.br\\\/sobre\\\/festejua-acontece-de-14-a-17-de-fevereiro-e-leva-o-carnaval-cultural-a-rua-do-cruzeiro\\\/#webpage\",\"url\":\"https:\\\/\\\/www.encontrajuazeiro.com.br\\\/sobre\\\/festejua-acontece-de-14-a-17-de-fevereiro-e-leva-o-carnaval-cultural-a-rua-do-cruzeiro\\\/\",\"name\":\"Festeju\\u00e1 acontece de 14 a 17 de fevereiro e leva o Carnaval Cultural \\u00e0 Rua do Cruzeiro | Encontra Juazeiro\",\"description\":\"Festeju\\u00e1 traz o Carnaval Cultural para Juazeiro do Norte com muita anima\\u00e7\\u00e3o.\",\"inLanguage\":\"pt-BR\",\"isPartOf\":{\"@id\":\"https:\\\/\\\/www.encontrajuazeiro.com.br\\\/sobre\\\/#website\"},\"breadcrumb\":{\"@id\":\"https:\\\/\\\/www.encontrajuazeiro.com.br\\\/sobre\\\/festejua-acontece-de-14-a-17-de-fevereiro-e-leva-o-carnaval-cultural-a-rua-do-cruzeiro\\\/#breadcrumblist\"},\"author\":{\"@id\":\"https:\\\/\\\/www.encontrajuazeiro.com.br\\\/sobre\\\/author\\\/ejuazeiro\\\/#author\"},\"creator\":{\"@id\":\"https:\\\/\\\/www.encontrajuazeiro.com.br\\\/sobre\\\/author\\\/ejuazeiro\\\/#author\"},\"image\":{\"@type\":\"ImageObject\",\"url\":\"https:\\\/\\\/www.encontrajuazeiro.com.br\\\/sobre\\\/wp-content\\\/uploads\\\/2026\\\/01\\\/festejua-acontece-de-14-a-17-de-fevereiro-e-leva-o-carnaval-cultural-a-rua-do-cruzeiro.webp\",\"@id\":\"https:\\\/\\\/www.encontrajuazeiro.com.br\\\/sobre\\\/festejua-acontece-de-14-a-17-de-fevereiro-e-leva-o-carnaval-cultural-a-rua-do-cruzeiro\\\/#mainImage\",\"width\":280,\"height\":280,\"caption\":\"Festeju\\u00e1\"},\"primaryImageOfPage\":{\"@id\":\"https:\\\/\\\/www.encontrajuazeiro.com.br\\\/sobre\\\/festejua-acontece-de-14-a-17-de-fevereiro-e-leva-o-carnaval-cultural-a-rua-do-cruzeiro\\\/#mainImage\"},\"datePublished\":\"2026-01-23T03:58:31-03:00\",\"dateModified\":\"2026-01-23T03:58:31-03:00\"},{\"@type\":\"WebSite\",\"@id\":\"https:\\\/\\\/www.encontrajuazeiro.com.br\\\/sobre\\\/#website\",\"url\":\"https:\\\/\\\/www.encontrajuazeiro.com.br\\\/sobre\\\/\",\"name\":\"Encontra Juazeiro\",\"description\":\"Not\\u00edcias, eventos, informa\\u00e7\\u00f5es e dicas na cidade Juazeiro e regi\\u00e3o.\",\"inLanguage\":\"pt-BR\",\"publisher\":{\"@id\":\"https:\\\/\\\/www.encontrajuazeiro.com.br\\\/sobre\\\/#organization\"}}]}\n\t\t<\/script>\n\t\t<!-- All in One SEO -->\n\n","aioseo_head_json":{"title":"Festeju\u00e1 acontece de 14 a 17 de fevereiro e leva o Carnaval Cultural \u00e0 Rua do Cruzeiro | Encontra Juazeiro","description":"Festeju\u00e1 traz o Carnaval Cultural para Juazeiro do Norte com muita anima\u00e7\u00e3o.","canonical_url":"https:\/\/www.encontrajuazeiro.com.br\/sobre\/festejua-acontece-de-14-a-17-de-fevereiro-e-leva-o-carnaval-cultural-a-rua-do-cruzeiro\/","robots":"max-image-preview:large","keywords":"","webmasterTools":{"miscellaneous":""},"schema":{"@context":"https:\/\/schema.org","@graph":[{"@type":"Article","@id":"https:\/\/www.encontrajuazeiro.com.br\/sobre\/festejua-acontece-de-14-a-17-de-fevereiro-e-leva-o-carnaval-cultural-a-rua-do-cruzeiro\/#article","name":"Festeju\u00e1 acontece de 14 a 17 de fevereiro e leva o Carnaval Cultural \u00e0 Rua do Cruzeiro | Encontra Juazeiro","headline":"Festeju\u00e1 acontece de 14 a 17 de fevereiro e leva o Carnaval Cultural \u00e0 Rua do Cruzeiro","author":{"@id":"https:\/\/www.encontrajuazeiro.com.br\/sobre\/author\/ejuazeiro\/#author"},"publisher":{"@id":"https:\/\/www.encontrajuazeiro.com.br\/sobre\/#organization"},"image":{"@type":"ImageObject","url":"https:\/\/www.encontrajuazeiro.com.br\/sobre\/wp-content\/uploads\/2026\/01\/festejua-acontece-de-14-a-17-de-fevereiro-e-leva-o-carnaval-cultural-a-rua-do-cruzeiro.webp","width":280,"height":280,"caption":"Festeju\u00e1"},"datePublished":"2026-01-23T03:58:31-03:00","dateModified":"2026-01-23T03:58:31-03:00","inLanguage":"pt-BR","mainEntityOfPage":{"@id":"https:\/\/www.encontrajuazeiro.com.br\/sobre\/festejua-acontece-de-14-a-17-de-fevereiro-e-leva-o-carnaval-cultural-a-rua-do-cruzeiro\/#webpage"},"isPartOf":{"@id":"https:\/\/www.encontrajuazeiro.com.br\/sobre\/festejua-acontece-de-14-a-17-de-fevereiro-e-leva-o-carnaval-cultural-a-rua-do-cruzeiro\/#webpage"},"articleSection":"Not\u00edcias Juazeiro"},{"@type":"BreadcrumbList","@id":"https:\/\/www.encontrajuazeiro.com.br\/sobre\/festejua-acontece-de-14-a-17-de-fevereiro-e-leva-o-carnaval-cultural-a-rua-do-cruzeiro\/#breadcrumblist","itemListElement":[{"@type":"ListItem","@id":"https:\/\/www.encontrajuazeiro.com.br\/sobre#listItem","position":1,"name":"Home","item":"https:\/\/www.encontrajuazeiro.com.br\/sobre","nextItem":{"@type":"ListItem","@id":"https:\/\/www.encontrajuazeiro.com.br\/sobre\/noticias-em-juazeiro\/#listItem","name":"Not\u00edcias Juazeiro"}},{"@type":"ListItem","@id":"https:\/\/www.encontrajuazeiro.com.br\/sobre\/noticias-em-juazeiro\/#listItem","position":2,"name":"Not\u00edcias Juazeiro","item":"https:\/\/www.encontrajuazeiro.com.br\/sobre\/noticias-em-juazeiro\/","nextItem":{"@type":"ListItem","@id":"https:\/\/www.encontrajuazeiro.com.br\/sobre\/festejua-acontece-de-14-a-17-de-fevereiro-e-leva-o-carnaval-cultural-a-rua-do-cruzeiro\/#listItem","name":"Festeju\u00e1 acontece de 14 a 17 de fevereiro e leva o Carnaval Cultural \u00e0 Rua do Cruzeiro"},"previousItem":{"@type":"ListItem","@id":"https:\/\/www.encontrajuazeiro.com.br\/sobre#listItem","name":"Home"}},{"@type":"ListItem","@id":"https:\/\/www.encontrajuazeiro.com.br\/sobre\/festejua-acontece-de-14-a-17-de-fevereiro-e-leva-o-carnaval-cultural-a-rua-do-cruzeiro\/#listItem","position":3,"name":"Festeju\u00e1 acontece de 14 a 17 de fevereiro e leva o Carnaval Cultural \u00e0 Rua do Cruzeiro","previousItem":{"@type":"ListItem","@id":"https:\/\/www.encontrajuazeiro.com.br\/sobre\/noticias-em-juazeiro\/#listItem","name":"Not\u00edcias Juazeiro"}}]},{"@type":"Organization","@id":"https:\/\/www.encontrajuazeiro.com.br\/sobre\/#organization","name":"Encontra Juazeiro","description":"Not\u00edcias, eventos, informa\u00e7\u00f5es e dicas na cidade Juazeiro e regi\u00e3o.","url":"https:\/\/www.encontrajuazeiro.com.br\/sobre\/"},{"@type":"Person","@id":"https:\/\/www.encontrajuazeiro.com.br\/sobre\/author\/ejuazeiro\/#author","url":"https:\/\/www.encontrajuazeiro.com.br\/sobre\/author\/ejuazeiro\/","name":"Encontra Juazeiro","image":{"@type":"ImageObject","@id":"https:\/\/www.encontrajuazeiro.com.br\/sobre\/festejua-acontece-de-14-a-17-de-fevereiro-e-leva-o-carnaval-cultural-a-rua-do-cruzeiro\/#authorImage","url":"https:\/\/secure.gravatar.com\/avatar\/507340682b8270222e1f208e23198b6ae7e2c6a1033ae84e99bc6bce4f82a387?s=96&d=mm&r=g","width":96,"height":96,"caption":"Encontra Juazeiro"}},{"@type":"WebPage","@id":"https:\/\/www.encontrajuazeiro.com.br\/sobre\/festejua-acontece-de-14-a-17-de-fevereiro-e-leva-o-carnaval-cultural-a-rua-do-cruzeiro\/#webpage","url":"https:\/\/www.encontrajuazeiro.com.br\/sobre\/festejua-acontece-de-14-a-17-de-fevereiro-e-leva-o-carnaval-cultural-a-rua-do-cruzeiro\/","name":"Festeju\u00e1 acontece de 14 a 17 de fevereiro e leva o Carnaval Cultural \u00e0 Rua do Cruzeiro | Encontra Juazeiro","description":"Festeju\u00e1 traz o Carnaval Cultural para Juazeiro do Norte com muita anima\u00e7\u00e3o.","inLanguage":"pt-BR","isPartOf":{"@id":"https:\/\/www.encontrajuazeiro.com.br\/sobre\/#website"},"breadcrumb":{"@id":"https:\/\/www.encontrajuazeiro.com.br\/sobre\/festejua-acontece-de-14-a-17-de-fevereiro-e-leva-o-carnaval-cultural-a-rua-do-cruzeiro\/#breadcrumblist"},"author":{"@id":"https:\/\/www.encontrajuazeiro.com.br\/sobre\/author\/ejuazeiro\/#author"},"creator":{"@id":"https:\/\/www.encontrajuazeiro.com.br\/sobre\/author\/ejuazeiro\/#author"},"image":{"@type":"ImageObject","url":"https:\/\/www.encontrajuazeiro.com.br\/sobre\/wp-content\/uploads\/2026\/01\/festejua-acontece-de-14-a-17-de-fevereiro-e-leva-o-carnaval-cultural-a-rua-do-cruzeiro.webp","@id":"https:\/\/www.encontrajuazeiro.com.br\/sobre\/festejua-acontece-de-14-a-17-de-fevereiro-e-leva-o-carnaval-cultural-a-rua-do-cruzeiro\/#mainImage","width":280,"height":280,"caption":"Festeju\u00e1"},"primaryImageOfPage":{"@id":"https:\/\/www.encontrajuazeiro.com.br\/sobre\/festejua-acontece-de-14-a-17-de-fevereiro-e-leva-o-carnaval-cultural-a-rua-do-cruzeiro\/#mainImage"},"datePublished":"2026-01-23T03:58:31-03:00","dateModified":"2026-01-23T03:58:31-03:00"},{"@type":"WebSite","@id":"https:\/\/www.encontrajuazeiro.com.br\/sobre\/#website","url":"https:\/\/www.encontrajuazeiro.com.br\/sobre\/","name":"Encontra Juazeiro","description":"Not\u00edcias, eventos, informa\u00e7\u00f5es e dicas na cidade Juazeiro e regi\u00e3o.","inLanguage":"pt-BR","publisher":{"@id":"https:\/\/www.encontrajuazeiro.com.br\/sobre\/#organization"}}]},"og:locale":"pt_BR","og:site_name":"Encontra Juazeiro | Not\u00edcias, eventos, informa\u00e7\u00f5es e dicas na cidade Juazeiro e regi\u00e3o.","og:type":"article","og:title":"Festeju\u00e1 acontece de 14 a 17 de fevereiro e leva o Carnaval Cultural \u00e0 Rua do Cruzeiro | Encontra Juazeiro","og:description":"Festeju\u00e1 traz o Carnaval Cultural para Juazeiro do Norte com muita anima\u00e7\u00e3o.","og:url":"https:\/\/www.encontrajuazeiro.com.br\/sobre\/festejua-acontece-de-14-a-17-de-fevereiro-e-leva-o-carnaval-cultural-a-rua-do-cruzeiro\/","article:published_time":"2026-01-23T06:58:31+00:00","article:modified_time":"2026-01-23T06:58:31+00:00","twitter:card":"summary_large_image","twitter:title":"Festeju\u00e1 acontece de 14 a 17 de fevereiro e leva o Carnaval Cultural \u00e0 Rua do Cruzeiro | Encontra Juazeiro","twitter:description":"Festeju\u00e1 traz o Carnaval Cultural para Juazeiro do Norte com muita anima\u00e7\u00e3o."},"aioseo_meta_data":{"post_id":"649","title":null,"description":null,"keywords":null,"keyphrases":null,"primary_term":null,"canonical_url":null,"og_title":null,"og_description":null,"og_object_type":"default","og_image_type":"default","og_image_url":null,"og_image_width":null,"og_image_height":null,"og_image_custom_url":null,"og_image_custom_fields":null,"og_video":null,"og_custom_url":null,"og_article_section":null,"og_article_tags":null,"twitter_use_og":false,"twitter_card":"default","twitter_image_type":"default","twitter_image_url":null,"twitter_image_custom_url":null,"twitter_image_custom_fields":null,"twitter_title":null,"twitter_description":null,"schema":{"blockGraphs":[],"customGraphs":[],"default":{"data":{"Article":[],"Course":[],"Dataset":[],"FAQPage":[],"Movie":[],"Person":[],"Product":[],"ProductReview":[],"Car":[],"Recipe":[],"Service":[],"SoftwareApplication":[],"WebPage":[]},"graphName":"Article","isEnabled":true},"graphs":[]},"schema_type":"default","schema_type_options":null,"pillar_content":false,"robots_default":true,"robots_noindex":false,"robots_noarchive":false,"robots_nosnippet":false,"robots_nofollow":false,"robots_noimageindex":false,"robots_noodp":false,"robots_notranslate":false,"robots_max_snippet":null,"robots_max_videopreview":null,"robots_max_imagepreview":"large","priority":null,"frequency":null,"local_seo":null,"breadcrumb_settings":null,"limit_modified_date":false,"ai":null,"created":"2026-01-23 06:58:35","updated":"2026-01-23 07:16:41","focus_keyword":null,"additional_keywords":null,"truseo_locale":null,"seo_analyzer_scan_date":null},"aioseo_breadcrumb":"<div class=\"aioseo-breadcrumbs\"><span class=\"aioseo-breadcrumb\">\n\t\t\t<a href=\"https:\/\/www.encontrajuazeiro.com.br\/sobre\" title=\"Home\">Home<\/a>\n\t\t<\/span><span class=\"aioseo-breadcrumb-separator\">&raquo;<\/span><span class=\"aioseo-breadcrumb\">\n\t\t\t<a href=\"https:\/\/www.encontrajuazeiro.com.br\/sobre\/noticias-em-juazeiro\/\" title=\"Not\u00edcias Juazeiro\">Not\u00edcias Juazeiro<\/a>\n\t\t<\/span><span class=\"aioseo-breadcrumb-separator\">&raquo;<\/span><span class=\"aioseo-breadcrumb\">\n\t\t\tFesteju\u00e1 acontece de 14 a 17 de fevereiro e leva o Carnaval Cultural \u00e0 Rua do Cruzeiro\n\t\t<\/span><\/div>","aioseo_breadcrumb_json":[{"label":"Home","link":"https:\/\/www.encontrajuazeiro.com.br\/sobre"},{"label":"Not\u00edcias Juazeiro","link":"https:\/\/www.encontrajuazeiro.com.br\/sobre\/noticias-em-juazeiro\/"},{"label":"Festeju\u00e1 acontece de 14 a 17 de fevereiro e leva o Carnaval Cultural \u00e0 Rua do Cruzeiro","link":"https:\/\/www.encontrajuazeiro.com.br\/sobre\/festejua-acontece-de-14-a-17-de-fevereiro-e-leva-o-carnaval-cultural-a-rua-do-cruzeiro\/"}],"_links":{"self":[{"href":"https:\/\/www.encontrajuazeiro.com.br\/sobre\/wp-json\/wp\/v2\/posts\/649","targetHints":{"allow":["GET"]}}],"collection":[{"href":"https:\/\/www.encontrajuazeiro.com.br\/sobre\/wp-json\/wp\/v2\/posts"}],"about":[{"href":"https:\/\/www.encontrajuazeiro.com.br\/sobre\/wp-json\/wp\/v2\/types\/post"}],"author":[{"embeddable":true,"href":"https:\/\/www.encontrajuazeiro.com.br\/sobre\/wp-json\/wp\/v2\/users\/1"}],"replies":[{"embeddable":true,"href":"https:\/\/www.encontrajuazeiro.com.br\/sobre\/wp-json\/wp\/v2\/comments?post=649"}],"version-history":[{"count":0,"href":"https:\/\/www.encontrajuazeiro.com.br\/sobre\/wp-json\/wp\/v2\/posts\/649\/revisions"}],"wp:featuredmedia":[{"embeddable":true,"href":"https:\/\/www.encontrajuazeiro.com.br\/sobre\/wp-json\/wp\/v2\/media\/648"}],"wp:attachment":[{"href":"https:\/\/www.encontrajuazeiro.com.br\/sobre\/wp-json\/wp\/v2\/media?parent=649"}],"wp:term":[{"taxonomy":"category","embeddable":true,"href":"https:\/\/www.encontrajuazeiro.com.br\/sobre\/wp-json\/wp\/v2\/categories?post=649"},{"taxonomy":"post_tag","embeddable":true,"href":"https:\/\/www.encontrajuazeiro.com.br\/sobre\/wp-json\/wp\/v2\/tags?post=649"}],"curies":[{"name":"wp","href":"https:\/\/api.w.org\/{rel}","templated":true}]}}