{"id":619,"date":"2026-01-18T03:56:28","date_gmt":"2026-01-18T06:56:28","guid":{"rendered":"https:\/\/www.encontrajuazeiro.com.br\/sobre\/juazeiro-do-norte-realiza-1o-dia-d-de-vacinacao-do-ano-neste-sabado-17\/"},"modified":"2026-01-18T03:56:28","modified_gmt":"2026-01-18T06:56:28","slug":"juazeiro-do-norte-realiza-1o-dia-d-de-vacinacao-do-ano-neste-sabado-17","status":"publish","type":"post","link":"https:\/\/www.encontrajuazeiro.com.br\/sobre\/juazeiro-do-norte-realiza-1o-dia-d-de-vacinacao-do-ano-neste-sabado-17\/","title":{"rendered":"Juazeiro do Norte realiza 1\u00ba Dia D de Vacina\u00e7\u00e3o do ano neste s\u00e1bado, 17"},"content":{"rendered":"<div class=\"ab2b9bee5e9d616051dbae42a1c75083\" data-index=\"1\" style=\"float: none; margin:0px;\">\n<!-- Anuncio display - global -->\r\n<ins class=\"adsbygoogle\"\r\n     style=\"display:block\"\r\n     data-ad-client=\"ca-pub-8585364105181520\"\r\n     data-ad-slot=\"8789329856\"\r\n     data-ad-format=\"auto\"\r\n     data-full-width-responsive=\"true\"><\/ins>\r\n<script>\r\n     (adsbygoogle = window.adsbygoogle || []).push({});\r\n<\/script>\n<\/div>\n<h2>O que \u00e9 o Dia D de Vacina\u00e7\u00e3o?<\/h2>\n<p>O <strong>Dia D de Vacina\u00e7\u00e3o<\/strong> \u00e9 um evento promovido pelas secretarias de sa\u00fade em v\u00e1rias localidades, incluindo Juazeiro do Norte, que busca intensificar a imuniza\u00e7\u00e3o da popula\u00e7\u00e3o. O dia \u00e9 dedicado a oferecer diversas vacinas gratuitamente em pontos estrat\u00e9gicos, como escolas, postos de sa\u00fade e centros comunit\u00e1rios. A ideia \u00e9 facilitar o acesso \u00e0 vacina\u00e7\u00e3o, especialmente para aqueles que, por algum motivo, n\u00e3o conseguiram atualizar sua caderneta vacinal. \u00c9 uma oportunidade ideal para garantir que crian\u00e7as, adolescentes e adultos estejam protegidos contra in\u00fameras doen\u00e7as.<\/p>\n<h2>Import\u00e2ncia da Atualiza\u00e7\u00e3o da Caderneta Vacinal<\/h2>\n<p>A caderneta vacinal \u00e9 um documento essencial que registra todas as vacinas que uma pessoa recebeu ao longo da vida. A atualiza\u00e7\u00e3o dessa caderneta \u00e9 vital por v\u00e1rias raz\u00f5es:<\/p>\n<ul>\n<li><strong>Preven\u00e7\u00e3o de Doen\u00e7as:<\/strong> Estar com a caderneta em dia significa que a pessoa est\u00e1 imunizada contra v\u00e1rias doen\u00e7as, como sarampo, poliomielite e tuberculose. A atualiza\u00e7\u00e3o ajuda a prevenir surtos.<\/li>\n<li><strong>Sa\u00fade da Comunidade:<\/strong> Quando mais pessoas est\u00e3o vacinadas, menor \u00e9 a propaga\u00e7\u00e3o de doen\u00e7as. Isso protege n\u00e3o apenas o indiv\u00edduo, mas toda a comunidade, especialmente aqueles que n\u00e3o podem ser vacinados, como rec\u00e9m-nascidos e pessoas com certas condi\u00e7\u00f5es de sa\u00fade.<\/li>\n<li><strong>Facilidade em Viagens:<\/strong> Muitas vezes, viajar para outros estados ou pa\u00edses exige comprova\u00e7\u00e3o de vacinas. Uma caderneta atualizada evita complica\u00e7\u00f5es durante deslocamentos.<\/li>\n<li><strong>Educa\u00e7\u00e3o e Conscientiza\u00e7\u00e3o:<\/strong> Participar do Dia D de Vacina\u00e7\u00e3o tamb\u00e9m \u00e9 uma maneira de educar sobre a import\u00e2ncia da imuniza\u00e7\u00e3o e incentivar a popula\u00e7\u00e3o a cuidar da sa\u00fade.<\/li>\n<\/ul>\n<h2>Vacinas Dispon\u00edveis Neste Dia D<\/h2>\n<p>No Dia D de Vacina\u00e7\u00e3o em Juazeiro do Norte, a popula\u00e7\u00e3o pode se beneficiar de uma ampla gama de vacinas. Entre as vacinas que costumam estar dispon\u00edveis, destacam-se:<\/p>\n<p><img decoding=\"async\" src=\"http:\/\/www.encontrajuazeiro.com.br\/sobre\/wp-content\/uploads\/2026\/01\/juazeiro-do-norte-realiza-1-dia-d-de-vacinacao-do-ano-neste-sabado-17.webp\" alt=\"Dia D de Vacina\u00e7\u00e3o Juazeiro do Norte\" loading=\"lazy\" \/><\/p>\n<ul>\n<li><strong>Vacinas Contra a Dengue:<\/strong> A vacina Qdenga, por exemplo, destina-se a crian\u00e7as e adolescentes entre 10 a 14 anos.<\/li>\n<li><strong>Vacina contra o V\u00edrus Sincicial Respirat\u00f3rio (VSR):<\/strong> Especialmente importante para gestantes e crian\u00e7as pequenas, para prevenir doen\u00e7as respirat\u00f3rias graves.<\/li>\n<li><strong>Vacina contra o Papilomav\u00edrus Humano (HPV):<\/strong> Indicada para adolescentes de 9 a 19 anos, esta vacina visa prevenir tipos espec\u00edficos de c\u00e2ncer.<\/li>\n<li><strong>Vacinas do Calend\u00e1rio Nacional:<\/strong> Tamb\u00e9m s\u00e3o oferecidas outras vacinas do calend\u00e1rio regular, como a tr\u00edpplice viral, vacina contra hepatite B, entre outras.<\/li>\n<\/ul>\n<h2>Quem Pode Participar do Dia D?<\/h2>\n<p>O Dia D de Vacina\u00e7\u00e3o \u00e9 aberto a todos, mas h\u00e1 um foco especial em certos grupos que geralmente mais necessitam das vacinas:<\/p>\n<ul>\n<li><strong>Crian\u00e7as e Adolescentes:<\/strong> A maioria das vacinas \u00e9 voltada para este p\u00fablico, a fim de garantir que fiquem protegidos desde cedo.<\/li>\n<li><strong>Gestantes:<\/strong> Este grupo tem prioridade, especialmente para vacinas que protegem tanto a m\u00e3e quanto o beb\u00ea, como a vacina contra o VSR e influenza.<\/li>\n<li><strong>Adultos:<\/strong> \u00c9 importante que adultos tamb\u00e9m atualizar suas vacinas, sendo uma oportunidade de verificar a caderneta e receber doses que possam estar em falta.<\/li>\n<\/ul>\n<h2>Pontos de Vacina\u00e7\u00e3o em Juazeiro do Norte<\/h2>\n<p>Durante o Dia D de Vacina\u00e7\u00e3o, a Secretaria de Sa\u00fade de Juazeiro do Norte disponibiliza diversos pontos de vacina\u00e7\u00e3o, com a inten\u00e7\u00e3o de alcan\u00e7ar o m\u00e1ximo de pessoas poss\u00edvel. Dentre os locais costumam estar dispon\u00edveis:<\/p>\n<ul>\n<li>ESF 18\/24 &#8211; Pio XII<\/li>\n<li>ESF 13\/36 &#8211; Ant\u00f4nio Vieira<\/li>\n<li>ESF 22 &#8211; Vila F\u00e1tima<\/li>\n<li>eAP Aeroporto<\/li>\n<li>ESF 21 &#8211; Pedrinhas<\/li>\n<li>ESF 31 &#8211; Leandro Bezerra<\/li>\n<li>ESF 23\/53\/65\/78 &#8211; Limoeiro<\/li>\n<li>ESF 10\/81 &#8211; S\u00e3o Jos\u00e9 I<\/li>\n<li>ESF 11\/79 &#8211; S\u00e3o Jos\u00e9 II<\/li>\n<li>Centro de Dermatologia<\/li>\n<\/ul>\n<h2>Hor\u00e1rios de Atendimento para Vacina\u00e7\u00e3o<\/h2>\n<p>Os hor\u00e1rios de atendimento durante o Dia D s\u00e3o definidos para maximizar a acessibilidade da popula\u00e7\u00e3o. Geralmente, os postos de vacina\u00e7\u00e3o est\u00e3o abertos das:<\/p>\n<ul>\n<li><strong>8h \u00e0s 12h:<\/strong> Durante esse per\u00edodo, os cidad\u00e3os podem se dirigir aos pontos de vacina\u00e7\u00e3o e receber as vacinas dispon\u00edveis.<\/li>\n<\/ul>\n<h2>Documentos Necess\u00e1rios para Receber a Vacina<\/h2>\n<p>Para garantir que a vacina\u00e7\u00e3o ocorra de maneira organizada e eficaz, \u00e9 essencial que os cidad\u00e3os levem os seguintes documentos:<\/p>\n<ul>\n<li><strong>Caderneta de Vacina\u00e7\u00e3o:<\/strong> Para que os profissionais de sa\u00fade possam verificar as vacinas j\u00e1 recebidas e aplicar as doses necess\u00e1rias.<\/li>\n<li><strong>CPF ou Cart\u00e3o do SUS:<\/strong> Esses documentos ajudam a identificar a pessoa e garantir a correta atualiza\u00e7\u00e3o da caderneta vacinal.<\/li>\n<\/ul>\n<h2>Destaques das Vacinas Dispon\u00edveis<\/h2>\n<p>Entre as vacinas que merecem destaque no Dia D de Vacina\u00e7\u00e3o est\u00e3o:<\/p>\n<ul>\n<li><strong>Vacina Qdenga (Dengue):<\/strong> Como uma inova\u00e7\u00e3o no combate \u00e0 dengue, essa vacina \u00e9 a mais recente e est\u00e1 sendo disponibilizada para jovens de 10 a 14 anos, apresentando-se como uma aliada crucial no controle da doen\u00e7a.<\/li>\n<li><strong>Vacina contra o VSR:<\/strong> O V\u00edrus Sincicial Respirat\u00f3rio \u00e9 respons\u00e1vel por v\u00e1rias complica\u00e7\u00f5es respirat\u00f3rias em crian\u00e7as pequenas. A vacina, portanto, \u00e9 uma prote\u00e7\u00e3o vital para gestantes e beb\u00eas, ajudando a evitar hospitaliza\u00e7\u00f5es.<\/li>\n<li><strong>HPV:<\/strong> A vacina contra o papilomav\u00edrus humano desempenha um papel fundamental na preven\u00e7\u00e3o de c\u00e2ncer, especialmente entre adolescentes e jovens adultos. Ampliar o acesso faz parte das estrat\u00e9gias do Minist\u00e9rio da Sa\u00fade para aumentar a cobertura vacinal.<\/li>\n<\/ul>\n<h2>Campanha de Vacina\u00e7\u00e3o do Munic\u00edpio<\/h2>\n<p>A campanha de vacina\u00e7\u00e3o em Juazeiro do Norte n\u00e3o se limita a um \u00fanico dia, mas sim \u00e9 um esfor\u00e7o cont\u00ednuo que visa garantir a sa\u00fade p\u00fablica. A participa\u00e7\u00e3o no Dia D \u00e9 parte de um esfor\u00e7o maior:<\/p>\n<ul>\n<li><strong>Educa\u00e7\u00e3o e Conscientiza\u00e7\u00e3o:<\/strong> As campanhas educativas informam a popula\u00e7\u00e3o sobre a import\u00e2ncia da vacina, desmistificando mitos e promovendo a sa\u00fade.<\/li>\n<li><strong>Parcerias com a Comunidade:<\/strong> As secretarias de sa\u00fade frequentemente colaboram com escolas, igrejas e organiza\u00e7\u00f5es comunit\u00e1rias para disseminar informa\u00e7\u00f5es e proporcionar acesso \u00e0s vacinas.<\/li>\n<li><strong>Monitoramento e Avalia\u00e7\u00e3o:<\/strong> Ap\u00f3s cada campanha, s\u00e3o realizados levantamentos para avaliar o impacto, permitindo aprimorar as pr\u00f3ximas a\u00e7\u00f5es e estrat\u00e9gias de vacina\u00e7\u00e3o.<\/li>\n<\/ul>\n<h2>Benef\u00edcios da Vacina\u00e7\u00e3o para a Comunidade<\/h2>\n<p>A vacina\u00e7\u00e3o \u00e9 um dos pilares da sa\u00fade p\u00fablica e possui diversos benef\u00edcios para a comunidade, que v\u00e3o al\u00e9m da prote\u00e7\u00e3o individual:<\/p>\n<ul>\n<li><strong>Redu\u00e7\u00e3o de Doen\u00e7as:<\/strong> A vacina\u00e7\u00e3o em massa reduz drasticamente a incid\u00eancia de doen\u00e7as transmiss\u00edveis, contribuindo para a sa\u00fade geral da popula\u00e7\u00e3o.<\/li>\n<li><strong>Prote\u00e7\u00e3o de Grupos Vulner\u00e1veis:<\/strong> Com a imuniza\u00e7\u00e3o de um maior n\u00famero de pessoas, aqueles que n\u00e3o podem ser vacinados por motivos m\u00e9dicos (como alergias ou imunodefici\u00eancias) s\u00e3o protegidos indiretamente.<\/li>\n<li><strong>Custo-Benef\u00edcio:<\/strong> Investir na vacina\u00e7\u00e3o reduz gastos futuros com tratamentos m\u00e9dicos e hospitalares, representando uma economia significativa para os sistemas de sa\u00fade p\u00fablica.<\/li>\n<li><strong>Promo\u00e7\u00e3o da Equidade em Sa\u00fade:<\/strong> A vacina\u00e7\u00e3o \u00e9 uma maneira de garantir que todos, independentemente de sua condi\u00e7\u00e3o socioecon\u00f4mica, tenham acesso \u00e0 sa\u00fade.<\/li>\n<\/ul>\n\n<div style=\"font-size: 0px; height: 0px; line-height: 0px; margin: 0; padding: 0; clear: both;\"><\/div>","protected":false},"excerpt":{"rendered":"<p>Juazeiro do Norte realiza o 1\u00ba Dia D de Vacina\u00e7\u00e3o do ano neste s\u00e1bado, 17.<\/p>\n","protected":false},"author":1,"featured_media":618,"comment_status":"open","ping_status":"closed","sticky":false,"template":"","format":"standard","meta":{"footnotes":""},"categories":[5],"tags":[],"class_list":["post-619","post","type-post","status-publish","format-standard","has-post-thumbnail","hentry","category-noticias-em-juazeiro","has_thumb"],"aioseo_notices":[],"aioseo_head":"\n\t\t<!-- All in One SEO 5.0.0.1 - aioseo.com -->\n\t<meta name=\"description\" content=\"Juazeiro do Norte realiza o 1\u00ba Dia D de Vacina\u00e7\u00e3o do ano neste s\u00e1bado, 17.\" \/>\n\t<meta name=\"robots\" content=\"max-image-preview:large\" \/>\n\t<meta name=\"author\" content=\"Encontra Juazeiro\"\/>\n\t<link rel=\"canonical\" href=\"https:\/\/www.encontrajuazeiro.com.br\/sobre\/juazeiro-do-norte-realiza-1o-dia-d-de-vacinacao-do-ano-neste-sabado-17\/\" \/>\n\t<meta name=\"generator\" content=\"All in One SEO (AIOSEO) 5.0.0.1\" \/>\n\t\t<meta property=\"og:locale\" content=\"pt_BR\" \/>\n\t\t<meta property=\"og:site_name\" content=\"Encontra Juazeiro | Not\u00edcias, eventos, informa\u00e7\u00f5es e dicas na cidade Juazeiro e regi\u00e3o.\" \/>\n\t\t<meta property=\"og:type\" content=\"article\" \/>\n\t\t<meta property=\"og:title\" content=\"Juazeiro do Norte realiza 1\u00ba Dia D de Vacina\u00e7\u00e3o do ano neste s\u00e1bado, 17 | Encontra Juazeiro\" \/>\n\t\t<meta property=\"og:description\" content=\"Juazeiro do Norte realiza o 1\u00ba Dia D de Vacina\u00e7\u00e3o do ano neste s\u00e1bado, 17.\" \/>\n\t\t<meta property=\"og:url\" content=\"https:\/\/www.encontrajuazeiro.com.br\/sobre\/juazeiro-do-norte-realiza-1o-dia-d-de-vacinacao-do-ano-neste-sabado-17\/\" \/>\n\t\t<meta property=\"article:published_time\" content=\"2026-01-18T06:56:28+00:00\" \/>\n\t\t<meta property=\"article:modified_time\" content=\"2026-01-18T06:56:28+00:00\" \/>\n\t\t<meta name=\"twitter:card\" content=\"summary_large_image\" \/>\n\t\t<meta name=\"twitter:title\" content=\"Juazeiro do Norte realiza 1\u00ba Dia D de Vacina\u00e7\u00e3o do ano neste s\u00e1bado, 17 | Encontra Juazeiro\" \/>\n\t\t<meta name=\"twitter:description\" content=\"Juazeiro do Norte realiza o 1\u00ba Dia D de Vacina\u00e7\u00e3o do ano neste s\u00e1bado, 17.\" \/>\n\t\t<script type=\"application\/ld+json\" class=\"aioseo-schema\">\n\t\t\t{\"@context\":\"https:\\\/\\\/schema.org\",\"@graph\":[{\"@type\":\"Article\",\"@id\":\"https:\\\/\\\/www.encontrajuazeiro.com.br\\\/sobre\\\/juazeiro-do-norte-realiza-1o-dia-d-de-vacinacao-do-ano-neste-sabado-17\\\/#article\",\"name\":\"Juazeiro do Norte realiza 1\\u00ba Dia D de Vacina\\u00e7\\u00e3o do ano neste s\\u00e1bado, 17 | Encontra Juazeiro\",\"headline\":\"Juazeiro do Norte realiza 1\\u00ba Dia D de Vacina\\u00e7\\u00e3o do ano neste s\\u00e1bado, 17\",\"author\":{\"@id\":\"https:\\\/\\\/www.encontrajuazeiro.com.br\\\/sobre\\\/author\\\/ejuazeiro\\\/#author\"},\"publisher\":{\"@id\":\"https:\\\/\\\/www.encontrajuazeiro.com.br\\\/sobre\\\/#organization\"},\"image\":{\"@type\":\"ImageObject\",\"url\":\"https:\\\/\\\/www.encontrajuazeiro.com.br\\\/sobre\\\/wp-content\\\/uploads\\\/2026\\\/01\\\/juazeiro-do-norte-realiza-1-dia-d-de-vacinacao-do-ano-neste-sabado-17.webp\",\"width\":280,\"height\":280,\"caption\":\"Dia D de Vacina\\u00e7\\u00e3o Juazeiro do Norte\"},\"datePublished\":\"2026-01-18T03:56:28-03:00\",\"dateModified\":\"2026-01-18T03:56:28-03:00\",\"inLanguage\":\"pt-BR\",\"mainEntityOfPage\":{\"@id\":\"https:\\\/\\\/www.encontrajuazeiro.com.br\\\/sobre\\\/juazeiro-do-norte-realiza-1o-dia-d-de-vacinacao-do-ano-neste-sabado-17\\\/#webpage\"},\"isPartOf\":{\"@id\":\"https:\\\/\\\/www.encontrajuazeiro.com.br\\\/sobre\\\/juazeiro-do-norte-realiza-1o-dia-d-de-vacinacao-do-ano-neste-sabado-17\\\/#webpage\"},\"articleSection\":\"Not\\u00edcias Juazeiro\"},{\"@type\":\"BreadcrumbList\",\"@id\":\"https:\\\/\\\/www.encontrajuazeiro.com.br\\\/sobre\\\/juazeiro-do-norte-realiza-1o-dia-d-de-vacinacao-do-ano-neste-sabado-17\\\/#breadcrumblist\",\"itemListElement\":[{\"@type\":\"ListItem\",\"@id\":\"https:\\\/\\\/www.encontrajuazeiro.com.br\\\/sobre#listItem\",\"position\":1,\"name\":\"Home\",\"item\":\"https:\\\/\\\/www.encontrajuazeiro.com.br\\\/sobre\",\"nextItem\":{\"@type\":\"ListItem\",\"@id\":\"https:\\\/\\\/www.encontrajuazeiro.com.br\\\/sobre\\\/noticias-em-juazeiro\\\/#listItem\",\"name\":\"Not\\u00edcias Juazeiro\"}},{\"@type\":\"ListItem\",\"@id\":\"https:\\\/\\\/www.encontrajuazeiro.com.br\\\/sobre\\\/noticias-em-juazeiro\\\/#listItem\",\"position\":2,\"name\":\"Not\\u00edcias Juazeiro\",\"item\":\"https:\\\/\\\/www.encontrajuazeiro.com.br\\\/sobre\\\/noticias-em-juazeiro\\\/\",\"nextItem\":{\"@type\":\"ListItem\",\"@id\":\"https:\\\/\\\/www.encontrajuazeiro.com.br\\\/sobre\\\/juazeiro-do-norte-realiza-1o-dia-d-de-vacinacao-do-ano-neste-sabado-17\\\/#listItem\",\"name\":\"Juazeiro do Norte realiza 1\\u00ba Dia D de Vacina\\u00e7\\u00e3o do ano neste s\\u00e1bado, 17\"},\"previousItem\":{\"@type\":\"ListItem\",\"@id\":\"https:\\\/\\\/www.encontrajuazeiro.com.br\\\/sobre#listItem\",\"name\":\"Home\"}},{\"@type\":\"ListItem\",\"@id\":\"https:\\\/\\\/www.encontrajuazeiro.com.br\\\/sobre\\\/juazeiro-do-norte-realiza-1o-dia-d-de-vacinacao-do-ano-neste-sabado-17\\\/#listItem\",\"position\":3,\"name\":\"Juazeiro do Norte realiza 1\\u00ba Dia D de Vacina\\u00e7\\u00e3o do ano neste s\\u00e1bado, 17\",\"previousItem\":{\"@type\":\"ListItem\",\"@id\":\"https:\\\/\\\/www.encontrajuazeiro.com.br\\\/sobre\\\/noticias-em-juazeiro\\\/#listItem\",\"name\":\"Not\\u00edcias Juazeiro\"}}]},{\"@type\":\"Organization\",\"@id\":\"https:\\\/\\\/www.encontrajuazeiro.com.br\\\/sobre\\\/#organization\",\"name\":\"Encontra Juazeiro\",\"description\":\"Not\\u00edcias, eventos, informa\\u00e7\\u00f5es e dicas na cidade Juazeiro e regi\\u00e3o.\",\"url\":\"https:\\\/\\\/www.encontrajuazeiro.com.br\\\/sobre\\\/\"},{\"@type\":\"Person\",\"@id\":\"https:\\\/\\\/www.encontrajuazeiro.com.br\\\/sobre\\\/author\\\/ejuazeiro\\\/#author\",\"url\":\"https:\\\/\\\/www.encontrajuazeiro.com.br\\\/sobre\\\/author\\\/ejuazeiro\\\/\",\"name\":\"Encontra Juazeiro\",\"image\":{\"@type\":\"ImageObject\",\"@id\":\"https:\\\/\\\/www.encontrajuazeiro.com.br\\\/sobre\\\/juazeiro-do-norte-realiza-1o-dia-d-de-vacinacao-do-ano-neste-sabado-17\\\/#authorImage\",\"url\":\"https:\\\/\\\/secure.gravatar.com\\\/avatar\\\/507340682b8270222e1f208e23198b6ae7e2c6a1033ae84e99bc6bce4f82a387?s=96&d=mm&r=g\",\"width\":96,\"height\":96,\"caption\":\"Encontra Juazeiro\"}},{\"@type\":\"WebPage\",\"@id\":\"https:\\\/\\\/www.encontrajuazeiro.com.br\\\/sobre\\\/juazeiro-do-norte-realiza-1o-dia-d-de-vacinacao-do-ano-neste-sabado-17\\\/#webpage\",\"url\":\"https:\\\/\\\/www.encontrajuazeiro.com.br\\\/sobre\\\/juazeiro-do-norte-realiza-1o-dia-d-de-vacinacao-do-ano-neste-sabado-17\\\/\",\"name\":\"Juazeiro do Norte realiza 1\\u00ba Dia D de Vacina\\u00e7\\u00e3o do ano neste s\\u00e1bado, 17 | Encontra Juazeiro\",\"description\":\"Juazeiro do Norte realiza o 1\\u00ba Dia D de Vacina\\u00e7\\u00e3o do ano neste s\\u00e1bado, 17.\",\"inLanguage\":\"pt-BR\",\"isPartOf\":{\"@id\":\"https:\\\/\\\/www.encontrajuazeiro.com.br\\\/sobre\\\/#website\"},\"breadcrumb\":{\"@id\":\"https:\\\/\\\/www.encontrajuazeiro.com.br\\\/sobre\\\/juazeiro-do-norte-realiza-1o-dia-d-de-vacinacao-do-ano-neste-sabado-17\\\/#breadcrumblist\"},\"author\":{\"@id\":\"https:\\\/\\\/www.encontrajuazeiro.com.br\\\/sobre\\\/author\\\/ejuazeiro\\\/#author\"},\"creator\":{\"@id\":\"https:\\\/\\\/www.encontrajuazeiro.com.br\\\/sobre\\\/author\\\/ejuazeiro\\\/#author\"},\"image\":{\"@type\":\"ImageObject\",\"url\":\"https:\\\/\\\/www.encontrajuazeiro.com.br\\\/sobre\\\/wp-content\\\/uploads\\\/2026\\\/01\\\/juazeiro-do-norte-realiza-1-dia-d-de-vacinacao-do-ano-neste-sabado-17.webp\",\"@id\":\"https:\\\/\\\/www.encontrajuazeiro.com.br\\\/sobre\\\/juazeiro-do-norte-realiza-1o-dia-d-de-vacinacao-do-ano-neste-sabado-17\\\/#mainImage\",\"width\":280,\"height\":280,\"caption\":\"Dia D de Vacina\\u00e7\\u00e3o Juazeiro do Norte\"},\"primaryImageOfPage\":{\"@id\":\"https:\\\/\\\/www.encontrajuazeiro.com.br\\\/sobre\\\/juazeiro-do-norte-realiza-1o-dia-d-de-vacinacao-do-ano-neste-sabado-17\\\/#mainImage\"},\"datePublished\":\"2026-01-18T03:56:28-03:00\",\"dateModified\":\"2026-01-18T03:56:28-03:00\"},{\"@type\":\"WebSite\",\"@id\":\"https:\\\/\\\/www.encontrajuazeiro.com.br\\\/sobre\\\/#website\",\"url\":\"https:\\\/\\\/www.encontrajuazeiro.com.br\\\/sobre\\\/\",\"name\":\"Encontra Juazeiro\",\"description\":\"Not\\u00edcias, eventos, informa\\u00e7\\u00f5es e dicas na cidade Juazeiro e regi\\u00e3o.\",\"inLanguage\":\"pt-BR\",\"publisher\":{\"@id\":\"https:\\\/\\\/www.encontrajuazeiro.com.br\\\/sobre\\\/#organization\"}}]}\n\t\t<\/script>\n\t\t<!-- All in One SEO -->\n\n","aioseo_head_json":{"title":"Juazeiro do Norte realiza 1\u00ba Dia D de Vacina\u00e7\u00e3o do ano neste s\u00e1bado, 17 | Encontra Juazeiro","description":"Juazeiro do Norte realiza o 1\u00ba Dia D de Vacina\u00e7\u00e3o do ano neste s\u00e1bado, 17.","canonical_url":"https:\/\/www.encontrajuazeiro.com.br\/sobre\/juazeiro-do-norte-realiza-1o-dia-d-de-vacinacao-do-ano-neste-sabado-17\/","robots":"max-image-preview:large","keywords":"","webmasterTools":{"miscellaneous":""},"schema":{"@context":"https:\/\/schema.org","@graph":[{"@type":"Article","@id":"https:\/\/www.encontrajuazeiro.com.br\/sobre\/juazeiro-do-norte-realiza-1o-dia-d-de-vacinacao-do-ano-neste-sabado-17\/#article","name":"Juazeiro do Norte realiza 1\u00ba Dia D de Vacina\u00e7\u00e3o do ano neste s\u00e1bado, 17 | Encontra Juazeiro","headline":"Juazeiro do Norte realiza 1\u00ba Dia D de Vacina\u00e7\u00e3o do ano neste s\u00e1bado, 17","author":{"@id":"https:\/\/www.encontrajuazeiro.com.br\/sobre\/author\/ejuazeiro\/#author"},"publisher":{"@id":"https:\/\/www.encontrajuazeiro.com.br\/sobre\/#organization"},"image":{"@type":"ImageObject","url":"https:\/\/www.encontrajuazeiro.com.br\/sobre\/wp-content\/uploads\/2026\/01\/juazeiro-do-norte-realiza-1-dia-d-de-vacinacao-do-ano-neste-sabado-17.webp","width":280,"height":280,"caption":"Dia D de Vacina\u00e7\u00e3o Juazeiro do Norte"},"datePublished":"2026-01-18T03:56:28-03:00","dateModified":"2026-01-18T03:56:28-03:00","inLanguage":"pt-BR","mainEntityOfPage":{"@id":"https:\/\/www.encontrajuazeiro.com.br\/sobre\/juazeiro-do-norte-realiza-1o-dia-d-de-vacinacao-do-ano-neste-sabado-17\/#webpage"},"isPartOf":{"@id":"https:\/\/www.encontrajuazeiro.com.br\/sobre\/juazeiro-do-norte-realiza-1o-dia-d-de-vacinacao-do-ano-neste-sabado-17\/#webpage"},"articleSection":"Not\u00edcias Juazeiro"},{"@type":"BreadcrumbList","@id":"https:\/\/www.encontrajuazeiro.com.br\/sobre\/juazeiro-do-norte-realiza-1o-dia-d-de-vacinacao-do-ano-neste-sabado-17\/#breadcrumblist","itemListElement":[{"@type":"ListItem","@id":"https:\/\/www.encontrajuazeiro.com.br\/sobre#listItem","position":1,"name":"Home","item":"https:\/\/www.encontrajuazeiro.com.br\/sobre","nextItem":{"@type":"ListItem","@id":"https:\/\/www.encontrajuazeiro.com.br\/sobre\/noticias-em-juazeiro\/#listItem","name":"Not\u00edcias Juazeiro"}},{"@type":"ListItem","@id":"https:\/\/www.encontrajuazeiro.com.br\/sobre\/noticias-em-juazeiro\/#listItem","position":2,"name":"Not\u00edcias Juazeiro","item":"https:\/\/www.encontrajuazeiro.com.br\/sobre\/noticias-em-juazeiro\/","nextItem":{"@type":"ListItem","@id":"https:\/\/www.encontrajuazeiro.com.br\/sobre\/juazeiro-do-norte-realiza-1o-dia-d-de-vacinacao-do-ano-neste-sabado-17\/#listItem","name":"Juazeiro do Norte realiza 1\u00ba Dia D de Vacina\u00e7\u00e3o do ano neste s\u00e1bado, 17"},"previousItem":{"@type":"ListItem","@id":"https:\/\/www.encontrajuazeiro.com.br\/sobre#listItem","name":"Home"}},{"@type":"ListItem","@id":"https:\/\/www.encontrajuazeiro.com.br\/sobre\/juazeiro-do-norte-realiza-1o-dia-d-de-vacinacao-do-ano-neste-sabado-17\/#listItem","position":3,"name":"Juazeiro do Norte realiza 1\u00ba Dia D de Vacina\u00e7\u00e3o do ano neste s\u00e1bado, 17","previousItem":{"@type":"ListItem","@id":"https:\/\/www.encontrajuazeiro.com.br\/sobre\/noticias-em-juazeiro\/#listItem","name":"Not\u00edcias Juazeiro"}}]},{"@type":"Organization","@id":"https:\/\/www.encontrajuazeiro.com.br\/sobre\/#organization","name":"Encontra Juazeiro","description":"Not\u00edcias, eventos, informa\u00e7\u00f5es e dicas na cidade Juazeiro e regi\u00e3o.","url":"https:\/\/www.encontrajuazeiro.com.br\/sobre\/"},{"@type":"Person","@id":"https:\/\/www.encontrajuazeiro.com.br\/sobre\/author\/ejuazeiro\/#author","url":"https:\/\/www.encontrajuazeiro.com.br\/sobre\/author\/ejuazeiro\/","name":"Encontra Juazeiro","image":{"@type":"ImageObject","@id":"https:\/\/www.encontrajuazeiro.com.br\/sobre\/juazeiro-do-norte-realiza-1o-dia-d-de-vacinacao-do-ano-neste-sabado-17\/#authorImage","url":"https:\/\/secure.gravatar.com\/avatar\/507340682b8270222e1f208e23198b6ae7e2c6a1033ae84e99bc6bce4f82a387?s=96&d=mm&r=g","width":96,"height":96,"caption":"Encontra Juazeiro"}},{"@type":"WebPage","@id":"https:\/\/www.encontrajuazeiro.com.br\/sobre\/juazeiro-do-norte-realiza-1o-dia-d-de-vacinacao-do-ano-neste-sabado-17\/#webpage","url":"https:\/\/www.encontrajuazeiro.com.br\/sobre\/juazeiro-do-norte-realiza-1o-dia-d-de-vacinacao-do-ano-neste-sabado-17\/","name":"Juazeiro do Norte realiza 1\u00ba Dia D de Vacina\u00e7\u00e3o do ano neste s\u00e1bado, 17 | Encontra Juazeiro","description":"Juazeiro do Norte realiza o 1\u00ba Dia D de Vacina\u00e7\u00e3o do ano neste s\u00e1bado, 17.","inLanguage":"pt-BR","isPartOf":{"@id":"https:\/\/www.encontrajuazeiro.com.br\/sobre\/#website"},"breadcrumb":{"@id":"https:\/\/www.encontrajuazeiro.com.br\/sobre\/juazeiro-do-norte-realiza-1o-dia-d-de-vacinacao-do-ano-neste-sabado-17\/#breadcrumblist"},"author":{"@id":"https:\/\/www.encontrajuazeiro.com.br\/sobre\/author\/ejuazeiro\/#author"},"creator":{"@id":"https:\/\/www.encontrajuazeiro.com.br\/sobre\/author\/ejuazeiro\/#author"},"image":{"@type":"ImageObject","url":"https:\/\/www.encontrajuazeiro.com.br\/sobre\/wp-content\/uploads\/2026\/01\/juazeiro-do-norte-realiza-1-dia-d-de-vacinacao-do-ano-neste-sabado-17.webp","@id":"https:\/\/www.encontrajuazeiro.com.br\/sobre\/juazeiro-do-norte-realiza-1o-dia-d-de-vacinacao-do-ano-neste-sabado-17\/#mainImage","width":280,"height":280,"caption":"Dia D de Vacina\u00e7\u00e3o Juazeiro do Norte"},"primaryImageOfPage":{"@id":"https:\/\/www.encontrajuazeiro.com.br\/sobre\/juazeiro-do-norte-realiza-1o-dia-d-de-vacinacao-do-ano-neste-sabado-17\/#mainImage"},"datePublished":"2026-01-18T03:56:28-03:00","dateModified":"2026-01-18T03:56:28-03:00"},{"@type":"WebSite","@id":"https:\/\/www.encontrajuazeiro.com.br\/sobre\/#website","url":"https:\/\/www.encontrajuazeiro.com.br\/sobre\/","name":"Encontra Juazeiro","description":"Not\u00edcias, eventos, informa\u00e7\u00f5es e dicas na cidade Juazeiro e regi\u00e3o.","inLanguage":"pt-BR","publisher":{"@id":"https:\/\/www.encontrajuazeiro.com.br\/sobre\/#organization"}}]},"og:locale":"pt_BR","og:site_name":"Encontra Juazeiro | Not\u00edcias, eventos, informa\u00e7\u00f5es e dicas na cidade Juazeiro e regi\u00e3o.","og:type":"article","og:title":"Juazeiro do Norte realiza 1\u00ba Dia D de Vacina\u00e7\u00e3o do ano neste s\u00e1bado, 17 | Encontra Juazeiro","og:description":"Juazeiro do Norte realiza o 1\u00ba Dia D de Vacina\u00e7\u00e3o do ano neste s\u00e1bado, 17.","og:url":"https:\/\/www.encontrajuazeiro.com.br\/sobre\/juazeiro-do-norte-realiza-1o-dia-d-de-vacinacao-do-ano-neste-sabado-17\/","article:published_time":"2026-01-18T06:56:28+00:00","article:modified_time":"2026-01-18T06:56:28+00:00","twitter:card":"summary_large_image","twitter:title":"Juazeiro do Norte realiza 1\u00ba Dia D de Vacina\u00e7\u00e3o do ano neste s\u00e1bado, 17 | Encontra Juazeiro","twitter:description":"Juazeiro do Norte realiza o 1\u00ba Dia D de Vacina\u00e7\u00e3o do ano neste s\u00e1bado, 17."},"aioseo_meta_data":{"post_id":"619","title":null,"description":null,"keywords":null,"keyphrases":null,"primary_term":null,"canonical_url":null,"og_title":null,"og_description":null,"og_object_type":"default","og_image_type":"default","og_image_url":null,"og_image_width":null,"og_image_height":null,"og_image_custom_url":null,"og_image_custom_fields":null,"og_video":null,"og_custom_url":null,"og_article_section":null,"og_article_tags":null,"twitter_use_og":false,"twitter_card":"default","twitter_image_type":"default","twitter_image_url":null,"twitter_image_custom_url":null,"twitter_image_custom_fields":null,"twitter_title":null,"twitter_description":null,"schema":{"blockGraphs":[],"customGraphs":[],"default":{"data":{"Article":[],"Course":[],"Dataset":[],"FAQPage":[],"Movie":[],"Person":[],"Product":[],"ProductReview":[],"Car":[],"Recipe":[],"Service":[],"SoftwareApplication":[],"WebPage":[]},"graphName":"Article","isEnabled":true},"graphs":[]},"schema_type":"default","schema_type_options":null,"pillar_content":false,"robots_default":true,"robots_noindex":false,"robots_noarchive":false,"robots_nosnippet":false,"robots_nofollow":false,"robots_noimageindex":false,"robots_noodp":false,"robots_notranslate":false,"robots_max_snippet":null,"robots_max_videopreview":null,"robots_max_imagepreview":"large","priority":null,"frequency":null,"local_seo":null,"breadcrumb_settings":null,"limit_modified_date":false,"ai":null,"created":"2026-01-18 06:56:33","updated":"2026-01-18 07:18:20","focus_keyword":null,"additional_keywords":null,"truseo_locale":null,"seo_analyzer_scan_date":null},"aioseo_breadcrumb":"<div class=\"aioseo-breadcrumbs\"><span class=\"aioseo-breadcrumb\">\n\t\t\t<a href=\"https:\/\/www.encontrajuazeiro.com.br\/sobre\" title=\"Home\">Home<\/a>\n\t\t<\/span><span class=\"aioseo-breadcrumb-separator\">&raquo;<\/span><span class=\"aioseo-breadcrumb\">\n\t\t\t<a href=\"https:\/\/www.encontrajuazeiro.com.br\/sobre\/noticias-em-juazeiro\/\" title=\"Not\u00edcias Juazeiro\">Not\u00edcias Juazeiro<\/a>\n\t\t<\/span><span class=\"aioseo-breadcrumb-separator\">&raquo;<\/span><span class=\"aioseo-breadcrumb\">\n\t\t\tJuazeiro do Norte realiza 1\u00ba Dia D de Vacina\u00e7\u00e3o do ano neste s\u00e1bado, 17\n\t\t<\/span><\/div>","aioseo_breadcrumb_json":[{"label":"Home","link":"https:\/\/www.encontrajuazeiro.com.br\/sobre"},{"label":"Not\u00edcias Juazeiro","link":"https:\/\/www.encontrajuazeiro.com.br\/sobre\/noticias-em-juazeiro\/"},{"label":"Juazeiro do Norte realiza 1\u00ba Dia D de Vacina\u00e7\u00e3o do ano neste s\u00e1bado, 17","link":"https:\/\/www.encontrajuazeiro.com.br\/sobre\/juazeiro-do-norte-realiza-1o-dia-d-de-vacinacao-do-ano-neste-sabado-17\/"}],"_links":{"self":[{"href":"https:\/\/www.encontrajuazeiro.com.br\/sobre\/wp-json\/wp\/v2\/posts\/619","targetHints":{"allow":["GET"]}}],"collection":[{"href":"https:\/\/www.encontrajuazeiro.com.br\/sobre\/wp-json\/wp\/v2\/posts"}],"about":[{"href":"https:\/\/www.encontrajuazeiro.com.br\/sobre\/wp-json\/wp\/v2\/types\/post"}],"author":[{"embeddable":true,"href":"https:\/\/www.encontrajuazeiro.com.br\/sobre\/wp-json\/wp\/v2\/users\/1"}],"replies":[{"embeddable":true,"href":"https:\/\/www.encontrajuazeiro.com.br\/sobre\/wp-json\/wp\/v2\/comments?post=619"}],"version-history":[{"count":0,"href":"https:\/\/www.encontrajuazeiro.com.br\/sobre\/wp-json\/wp\/v2\/posts\/619\/revisions"}],"wp:featuredmedia":[{"embeddable":true,"href":"https:\/\/www.encontrajuazeiro.com.br\/sobre\/wp-json\/wp\/v2\/media\/618"}],"wp:attachment":[{"href":"https:\/\/www.encontrajuazeiro.com.br\/sobre\/wp-json\/wp\/v2\/media?parent=619"}],"wp:term":[{"taxonomy":"category","embeddable":true,"href":"https:\/\/www.encontrajuazeiro.com.br\/sobre\/wp-json\/wp\/v2\/categories?post=619"},{"taxonomy":"post_tag","embeddable":true,"href":"https:\/\/www.encontrajuazeiro.com.br\/sobre\/wp-json\/wp\/v2\/tags?post=619"}],"curies":[{"name":"wp","href":"https:\/\/api.w.org\/{rel}","templated":true}]}}