{"id":617,"date":"2026-01-18T03:54:52","date_gmt":"2026-01-18T06:54:52","guid":{"rendered":"https:\/\/www.encontrajuazeiro.com.br\/sobre\/queima-das-lapinhas-marca-o-encerramento-do-ciclo-de-reis-em-juazeiro-do-norte\/"},"modified":"2026-01-18T03:54:52","modified_gmt":"2026-01-18T06:54:52","slug":"queima-das-lapinhas-marca-o-encerramento-do-ciclo-de-reis-em-juazeiro-do-norte","status":"publish","type":"post","link":"https:\/\/www.encontrajuazeiro.com.br\/sobre\/queima-das-lapinhas-marca-o-encerramento-do-ciclo-de-reis-em-juazeiro-do-norte\/","title":{"rendered":"Queima das lapinhas marca o encerramento do Ciclo de Reis em Juazeiro do Norte"},"content":{"rendered":"<div class=\"ab2b9bee5e9d616051dbae42a1c75083\" data-index=\"1\" style=\"float: none; margin:0px;\">\n<!-- Anuncio display - global -->\r\n<ins class=\"adsbygoogle\"\r\n     style=\"display:block\"\r\n     data-ad-client=\"ca-pub-8585364105181520\"\r\n     data-ad-slot=\"8789329856\"\r\n     data-ad-format=\"auto\"\r\n     data-full-width-responsive=\"true\"><\/ins>\r\n<script>\r\n     (adsbygoogle = window.adsbygoogle || []).push({});\r\n<\/script>\n<\/div>\n<h2>O que \u00e9 a Queima das Lapinhas?<\/h2>\n<p>A Queima das Lapinhas \u00e9 um evento cultural que ocorre anualmente em Juazeiro do Norte, Cear\u00e1, marcando o encerramento do ciclo natalino e celebrando a tradi\u00e7\u00e3o da religiosidade popular. Este evento \u00e9 caracterizado pela queima das palhas dos pres\u00e9pios montados nas casas, conhecidos como lapinhas. Durante essa festividade, a comunidade se re\u00fane para realizar uma s\u00e9rie de rituais que envolvem cantos, ora\u00e7\u00f5es e simbolismos que refor\u00e7am a conex\u00e3o entre os moradores e suas cren\u00e7as.<\/p>\n<p>Mais do que uma simples queima de palhas, a Queima das Lapinhas \u00e9 um rito que encapsula a esperan\u00e7a, a renova\u00e7\u00e3o e a gratid\u00e3o, celebrando as promessas feitas ao longo do ciclo que se encerra. Na cidade, essa celebra\u00e7\u00e3o \u00e9 considerada a maior queima do Cear\u00e1 e mobiliza um grande n\u00famero de participantes que se re\u00fanem para partilhar o momento, expressando sua f\u00e9 e as tradi\u00e7\u00f5es culturais que permeiam a identidade local.<\/p>\n<h2>Hist\u00f3ria da Queima das Lapinhas<\/h2>\n<p>A origem da Queima das Lapinhas remonta aos prim\u00f3rdios da religiosidade popular no Brasil, com ra\u00edzes que podem ser tra\u00e7adas \u00e0s tradi\u00e7\u00f5es europeias que trouxeram os colonizadores. Em Juazeiro do Norte, esse evento come\u00e7ou a ganhar destaque na d\u00e9cada de 90, associando-se cada vez mais \u00e0s pr\u00e1ticas devocionais de comunidades guias. A figura central dessa tradi\u00e7\u00e3o \u00e9 a Lapinha Santa Clara, que \u00e9 venerada por muitos como um s\u00edmbolo da f\u00e9 e da cultura cearense.<\/p>\n<p><img decoding=\"async\" src=\"http:\/\/www.encontrajuazeiro.com.br\/sobre\/wp-content\/uploads\/2026\/01\/queima-das-lapinhas-marca-o-encerramento-do-ciclo-de-reis-em-juazeiro-do-norte.webp\" alt=\"Queima das lapinhas\" loading=\"lazy\" \/><\/p>\n<p>A hist\u00f3ria da Lapinha Santa Clara remete \u00e0 devo\u00e7\u00e3o de Dona Teodora, que recebeu a imagem do Menino Jesus das m\u00e3os de Padre C\u00edcero Rom\u00e3o Batista, um dos principais \u00edcones da cidade. Essa pr\u00e1tica, por sua vez, se transformou em um forte elo de uni\u00e3o entre as gera\u00e7\u00f5es. Com o tempo, a queima das palhas do pres\u00e9pio tornou-se um evento obrigat\u00f3rio na agenda dos juazeirenses, fortalecendo a identidade coletiva da popula\u00e7\u00e3o local.<\/p>\n<h2>A Ritual\u00edstica da Queima das Lapinhas<\/h2>\n<p>A Queima das Lapinhas envolve uma s\u00e9rie de rituais que t\u00eam um valor significativo para a comunidade. Ao longo do evento, as pessoas se re\u00fanem para desmontar os pres\u00e9pios e retirar as palhas, que s\u00e3o depois queimadas em uma fogueira. Este ato n\u00e3o \u00e9 meramente simb\u00f3lico, mas representa a transforma\u00e7\u00e3o, a despedida do ciclo natalino e a renova\u00e7\u00e3o de esperan\u00e7as para o ano que se inicia.<\/p>\n<p>Durante a queima, ladainhas s\u00e3o entoadas, entrela\u00e7ando o ambiente com express\u00f5es de gratid\u00e3o e pedidos de b\u00ean\u00e7\u00e3os. As ladainhas, que s\u00e3o cantos de louvor e ora\u00e7\u00e3o, desempenham um papel crucial ao resgatar o sentimento de pertencimento e a liga\u00e7\u00e3o com a espiritualidade do povo. Muitas vezes, os participantes tamb\u00e9m fazem promessas e agradecimentos, evidenciando o aspecto comunit\u00e1rio e coletivo da celebra\u00e7\u00e3o.<\/p>\n<h2>A Homenagem \u00e0 Mestra Vanda<\/h2>\n<p>A figura de Mestra Vanda \u00e9 central para a tradi\u00e7\u00e3o da Queima das Lapinhas. Ela foi a guardi\u00e3 da Lapinha Santa Clara ao longo de v\u00e1rias d\u00e9cadas e \u00e9 lembrada por seu compromisso em preservar a cultura popular do Juazeiro do Norte. Mestra Vanda faleceu em mar\u00e7o de 2025, e sua partida deixou um legado profundo entre os moradores da cidade. Durante as celebra\u00e7\u00f5es, a comunidade homenageia sua mem\u00f3ria e suas contribui\u00e7\u00f5es, refor\u00e7ando o reconhecimento do papel dos mestres na transmiss\u00e3o da cultura atrav\u00e9s das gera\u00e7\u00f5es.<\/p>\n<p>O evento de queima \u00e9, portanto, uma formaliza\u00e7\u00e3o do luto e da gratid\u00e3o pela vida de Mestra Vanda. As hist\u00f3rias que ela contava, os ensinamentos que passou e os rituais que orientou ainda ecoam entre os participantes, perpetuando a tradi\u00e7\u00e3o que ela tanto valorizou.<\/p>\n<h2>O Papel da Comunidade na Celebra\u00e7\u00e3o<\/h2>\n<p>A participa\u00e7\u00e3o da comunidade \u00e9 um dos pilares da Queima das Lapinhas. O evento n\u00e3o \u00e9 apenas um ritual fechado a alguns indiv\u00edduos, mas uma celebra\u00e7\u00e3o que convida todos os juazeirenses a se unirem, fortalecendo v\u00ednculos e criando um senso verdadeiro de coletividade. As fam\u00edlias se organizam para trazer suas lapinhas, cada uma apresentando a sua hist\u00f3ria e tradi\u00e7\u00e3o \u00fanica. Al\u00e9m disso, os jovens aprendem com os mais velhos, garantindo que as pr\u00e1ticas permane\u00e7am vivas e que a cultura continue a ser passada adiante.<\/p>\n<p>Essa uni\u00e3o \u00e9 percebida n\u00e3o apenas na quantidade de pessoas que v\u00e3o ao evento, mas na energia compartilhada e nas intera\u00e7\u00f5es que acontecem durante a celebra\u00e7\u00e3o. S\u00e3o risos, hist\u00f3rias e momentos de reflex\u00e3o que tornam a Queima das Lapinhas um festival emocionalmente rico, reafirmando a necessidade de manter vivas as tradi\u00e7\u00f5es e a cultura local.<\/p>\n<h2>A Trajet\u00f3ria da Lapinha Santa Clara<\/h2>\n<p>A Lapinha Santa Clara \u00e9 um s\u00edmbolo da religiosidade e da cultura de Juazeiro do Norte. A sua trajet\u00f3ria \u00e9 tecida pela devo\u00e7\u00e3o de pessoas que, ao longo das d\u00e9cadas, se uniram para manter viva a tradi\u00e7\u00e3o. Originada no ato de f\u00e9 de Dona Teodora, a Lapinha se tornou um verdadeiro patrim\u00f4nio cultural, um espa\u00e7o onde a espiritualidade e a cultura se entrela\u00e7am. Este pres\u00e9pio, que guarda dentro de si a hist\u00f3ria de tantos, representa a uni\u00e3o entre passado e presente.<\/p>\n<p>A cada ano, a Lapinha recebe novos elementos que representam as diferentes narrativas das fam\u00edlias juazeirenses. Essas atualiza\u00e7\u00f5es no pres\u00e9pio simbolizam o fluxo e o movimento da tradi\u00e7\u00e3o, permitindo que as novas gera\u00e7\u00f5es se conectem com suas ra\u00edzes ao mesmo tempo em que exploram novas possibilidades. Assim, a Lapinha Santa Clara se torna uma representa\u00e7\u00e3o viva da hist\u00f3ria da comunidade e da sua evolu\u00e7\u00e3o ao longo dos anos.<\/p>\n<h2>Significado das Ladainhas na Queima<\/h2>\n<p>As ladainhas cantadas durante a Queima das Lapinhas s\u00e3o um dos aspectos mais tocantes e significativos da celebra\u00e7\u00e3o. Estas can\u00e7\u00f5es n\u00e3o apenas trazem elementos religiosos, mas tamb\u00e9m s\u00e3o um meio de comunica\u00e7\u00e3o da comunidade para com seus ancestrais, suas cren\u00e7as e tradi\u00e7\u00f5es. Atrav\u00e9s delas, os participantes expressam sua gratid\u00e3o, pedem b\u00ean\u00e7\u00e3os e reafirmam suas promessas.<\/p>\n<p>Essas m\u00fasicas s\u00e3o passadas de gera\u00e7\u00e3o para gera\u00e7\u00e3o e contribuem para a forma\u00e7\u00e3o da identidade cultural dos juazeirenses. Cada refr\u00e3o e verso carregam consigo um resqu\u00edcio da hist\u00f3ria e uma carga emocional que une todos os presentes, criando um espa\u00e7o sagrado de comunh\u00e3o e liga\u00e7\u00e3o espiritual.<\/p>\n<h2>Amaz\u00f4nia do Pres\u00e9pio e a Queima das Palhas<\/h2>\n<p>A Queima das Lapinhas tamb\u00e9m simboliza a rela\u00e7\u00e3o dos juazeirenses com a natureza e a sua preserva\u00e7\u00e3o. A utiliza\u00e7\u00e3o das palhas para o pres\u00e9pio e a queima das mesmas trazem \u00e0 tona a conex\u00e3o profunda entre as tradi\u00e7\u00f5es culturais e a sustentabilidade ambiental. Essa pr\u00e1tica \u00e9 uma forma de reconhecer e respeitar as oferendas da natureza e a necessidade de revert\u00ea-las em gratid\u00e3o.<\/p>\n<p>A integra\u00e7\u00e3o das tradi\u00e7\u00f5es com a tem\u00e1tica ambiental se torna especialmente significativa neste contexto de crescente conscientiza\u00e7\u00e3o acerca da prote\u00e7\u00e3o dos recursos naturais. A comunidade, ao realizar a queima, tamb\u00e9m estabelece um compromisso com a preserva\u00e7\u00e3o e a celebra\u00e7\u00e3o da natureza, refor\u00e7ando valores importantes que transcendem a festividade em si.<\/p>\n<h2>O Ciclo de Reis e suas Tradi\u00e7\u00f5es<\/h2>\n<p>O Ciclo de Reis \u00e9 uma parte essencial da cultura brasileira e abrange uma s\u00e9rie de festividades que acontecem ap\u00f3s o Natal. A Queima das Lapinhas se insere nesse contexto, concluindo as celebra\u00e7\u00f5es natalinas de forma grandiosa e simb\u00f3lica. Durante o Ciclo de Reis, diversas manifesta\u00e7\u00f5es culturais, como dan\u00e7as, m\u00fasicas e encena\u00e7\u00f5es, s\u00e3o realizadas, cada uma trazendo sua particularidade.<\/p>\n<p>Nas celebra\u00e7\u00f5es do Dia de Reis, destaca-se a import\u00e2ncia da figura dos Reis Magos, que representam a busca por novos caminhos e a import\u00e2ncia da jornada da vida. A Queima das Lapinhas, ao finalizar este ciclo, reafirma a transitoriedade da festividade, simbolizando a passagem para um novo ano e as promessas renovadas. \u00c9 um ciclo que se fecha, mas que tamb\u00e9m abre as portas para novas possibilidades e esperan\u00e7as.<\/p>\n<h2>Import\u00e2ncia Cultural da Queima das Lapinhas<\/h2>\n<p>A Queima das Lapinhas \u00e9 mais do que uma simples tradi\u00e7\u00e3o: \u00e9 um testemunho da cultura, hist\u00f3ria e identidade de Juazeiro do Norte. Ele refor\u00e7a os la\u00e7os comunit\u00e1rios, preserva a mem\u00f3ria coletiva e promove um sentimento de pertencimento. Atrav\u00e9s desta celebra\u00e7\u00e3o, os moradores n\u00e3o apenas se re\u00fanem para honrar suas cren\u00e7as, mas tamb\u00e9m para fortalecer a cultura que \u00e9 um pilar de sua identidade.<\/p>\n<p>Al\u00e9m disso, a festa traz \u00e0 cena a import\u00e2ncia dos mestres da cultura popular, que desempenham um papel central na transmiss\u00e3o de conhecimentos. Por meio de eventos como a Queima das Lapinhas, as novas gera\u00e7\u00f5es s\u00e3o inspiradas a continuar as tradi\u00e7\u00f5es e a se conectar com suas ra\u00edzes, garantindo a perpetua\u00e7\u00e3o da rica cultura do Cariri.<\/p>\n\n<div style=\"font-size: 0px; height: 0px; line-height: 0px; margin: 0; padding: 0; clear: both;\"><\/div>","protected":false},"excerpt":{"rendered":"<p>Descubra como a Queima das Lapinhas celebra o encerramento do Ciclo de Reis em Juazeiro do Norte.<\/p>\n","protected":false},"author":1,"featured_media":616,"comment_status":"open","ping_status":"closed","sticky":false,"template":"","format":"standard","meta":{"footnotes":""},"categories":[5],"tags":[],"class_list":["post-617","post","type-post","status-publish","format-standard","has-post-thumbnail","hentry","category-noticias-em-juazeiro","has_thumb"],"aioseo_notices":[],"aioseo_head":"\n\t\t<!-- All in One SEO 5.0.0.1 - aioseo.com -->\n\t<meta name=\"description\" content=\"Descubra como a Queima das Lapinhas celebra o encerramento do Ciclo de Reis em Juazeiro do Norte.\" \/>\n\t<meta name=\"robots\" content=\"max-image-preview:large\" \/>\n\t<meta name=\"author\" content=\"Encontra Juazeiro\"\/>\n\t<link rel=\"canonical\" href=\"https:\/\/www.encontrajuazeiro.com.br\/sobre\/queima-das-lapinhas-marca-o-encerramento-do-ciclo-de-reis-em-juazeiro-do-norte\/\" \/>\n\t<meta name=\"generator\" content=\"All in One SEO (AIOSEO) 5.0.0.1\" \/>\n\t\t<meta property=\"og:locale\" content=\"pt_BR\" \/>\n\t\t<meta property=\"og:site_name\" content=\"Encontra Juazeiro | Not\u00edcias, eventos, informa\u00e7\u00f5es e dicas na cidade Juazeiro e regi\u00e3o.\" \/>\n\t\t<meta property=\"og:type\" content=\"article\" \/>\n\t\t<meta property=\"og:title\" content=\"Queima das lapinhas marca o encerramento do Ciclo de Reis em Juazeiro do Norte | Encontra Juazeiro\" \/>\n\t\t<meta property=\"og:description\" content=\"Descubra como a Queima das Lapinhas celebra o encerramento do Ciclo de Reis em Juazeiro do Norte.\" \/>\n\t\t<meta property=\"og:url\" content=\"https:\/\/www.encontrajuazeiro.com.br\/sobre\/queima-das-lapinhas-marca-o-encerramento-do-ciclo-de-reis-em-juazeiro-do-norte\/\" \/>\n\t\t<meta property=\"article:published_time\" content=\"2026-01-18T06:54:52+00:00\" \/>\n\t\t<meta property=\"article:modified_time\" content=\"2026-01-18T06:54:52+00:00\" \/>\n\t\t<meta name=\"twitter:card\" content=\"summary_large_image\" \/>\n\t\t<meta name=\"twitter:title\" content=\"Queima das lapinhas marca o encerramento do Ciclo de Reis em Juazeiro do Norte | Encontra Juazeiro\" \/>\n\t\t<meta name=\"twitter:description\" content=\"Descubra como a Queima das Lapinhas celebra o encerramento do Ciclo de Reis em Juazeiro do Norte.\" \/>\n\t\t<script type=\"application\/ld+json\" class=\"aioseo-schema\">\n\t\t\t{\"@context\":\"https:\\\/\\\/schema.org\",\"@graph\":[{\"@type\":\"Article\",\"@id\":\"https:\\\/\\\/www.encontrajuazeiro.com.br\\\/sobre\\\/queima-das-lapinhas-marca-o-encerramento-do-ciclo-de-reis-em-juazeiro-do-norte\\\/#article\",\"name\":\"Queima das lapinhas marca o encerramento do Ciclo de Reis em Juazeiro do Norte | Encontra Juazeiro\",\"headline\":\"Queima das lapinhas marca o encerramento do Ciclo de Reis em Juazeiro do Norte\",\"author\":{\"@id\":\"https:\\\/\\\/www.encontrajuazeiro.com.br\\\/sobre\\\/author\\\/ejuazeiro\\\/#author\"},\"publisher\":{\"@id\":\"https:\\\/\\\/www.encontrajuazeiro.com.br\\\/sobre\\\/#organization\"},\"image\":{\"@type\":\"ImageObject\",\"url\":\"https:\\\/\\\/www.encontrajuazeiro.com.br\\\/sobre\\\/wp-content\\\/uploads\\\/2026\\\/01\\\/queima-das-lapinhas-marca-o-encerramento-do-ciclo-de-reis-em-juazeiro-do-norte.webp\",\"width\":280,\"height\":280,\"caption\":\"Queima das lapinhas\"},\"datePublished\":\"2026-01-18T03:54:52-03:00\",\"dateModified\":\"2026-01-18T03:54:52-03:00\",\"inLanguage\":\"pt-BR\",\"mainEntityOfPage\":{\"@id\":\"https:\\\/\\\/www.encontrajuazeiro.com.br\\\/sobre\\\/queima-das-lapinhas-marca-o-encerramento-do-ciclo-de-reis-em-juazeiro-do-norte\\\/#webpage\"},\"isPartOf\":{\"@id\":\"https:\\\/\\\/www.encontrajuazeiro.com.br\\\/sobre\\\/queima-das-lapinhas-marca-o-encerramento-do-ciclo-de-reis-em-juazeiro-do-norte\\\/#webpage\"},\"articleSection\":\"Not\\u00edcias Juazeiro\"},{\"@type\":\"BreadcrumbList\",\"@id\":\"https:\\\/\\\/www.encontrajuazeiro.com.br\\\/sobre\\\/queima-das-lapinhas-marca-o-encerramento-do-ciclo-de-reis-em-juazeiro-do-norte\\\/#breadcrumblist\",\"itemListElement\":[{\"@type\":\"ListItem\",\"@id\":\"https:\\\/\\\/www.encontrajuazeiro.com.br\\\/sobre#listItem\",\"position\":1,\"name\":\"Home\",\"item\":\"https:\\\/\\\/www.encontrajuazeiro.com.br\\\/sobre\",\"nextItem\":{\"@type\":\"ListItem\",\"@id\":\"https:\\\/\\\/www.encontrajuazeiro.com.br\\\/sobre\\\/noticias-em-juazeiro\\\/#listItem\",\"name\":\"Not\\u00edcias Juazeiro\"}},{\"@type\":\"ListItem\",\"@id\":\"https:\\\/\\\/www.encontrajuazeiro.com.br\\\/sobre\\\/noticias-em-juazeiro\\\/#listItem\",\"position\":2,\"name\":\"Not\\u00edcias Juazeiro\",\"item\":\"https:\\\/\\\/www.encontrajuazeiro.com.br\\\/sobre\\\/noticias-em-juazeiro\\\/\",\"nextItem\":{\"@type\":\"ListItem\",\"@id\":\"https:\\\/\\\/www.encontrajuazeiro.com.br\\\/sobre\\\/queima-das-lapinhas-marca-o-encerramento-do-ciclo-de-reis-em-juazeiro-do-norte\\\/#listItem\",\"name\":\"Queima das lapinhas marca o encerramento do Ciclo de Reis em Juazeiro do Norte\"},\"previousItem\":{\"@type\":\"ListItem\",\"@id\":\"https:\\\/\\\/www.encontrajuazeiro.com.br\\\/sobre#listItem\",\"name\":\"Home\"}},{\"@type\":\"ListItem\",\"@id\":\"https:\\\/\\\/www.encontrajuazeiro.com.br\\\/sobre\\\/queima-das-lapinhas-marca-o-encerramento-do-ciclo-de-reis-em-juazeiro-do-norte\\\/#listItem\",\"position\":3,\"name\":\"Queima das lapinhas marca o encerramento do Ciclo de Reis em Juazeiro do Norte\",\"previousItem\":{\"@type\":\"ListItem\",\"@id\":\"https:\\\/\\\/www.encontrajuazeiro.com.br\\\/sobre\\\/noticias-em-juazeiro\\\/#listItem\",\"name\":\"Not\\u00edcias Juazeiro\"}}]},{\"@type\":\"Organization\",\"@id\":\"https:\\\/\\\/www.encontrajuazeiro.com.br\\\/sobre\\\/#organization\",\"name\":\"Encontra Juazeiro\",\"description\":\"Not\\u00edcias, eventos, informa\\u00e7\\u00f5es e dicas na cidade Juazeiro e regi\\u00e3o.\",\"url\":\"https:\\\/\\\/www.encontrajuazeiro.com.br\\\/sobre\\\/\"},{\"@type\":\"Person\",\"@id\":\"https:\\\/\\\/www.encontrajuazeiro.com.br\\\/sobre\\\/author\\\/ejuazeiro\\\/#author\",\"url\":\"https:\\\/\\\/www.encontrajuazeiro.com.br\\\/sobre\\\/author\\\/ejuazeiro\\\/\",\"name\":\"Encontra Juazeiro\",\"image\":{\"@type\":\"ImageObject\",\"@id\":\"https:\\\/\\\/www.encontrajuazeiro.com.br\\\/sobre\\\/queima-das-lapinhas-marca-o-encerramento-do-ciclo-de-reis-em-juazeiro-do-norte\\\/#authorImage\",\"url\":\"https:\\\/\\\/secure.gravatar.com\\\/avatar\\\/507340682b8270222e1f208e23198b6ae7e2c6a1033ae84e99bc6bce4f82a387?s=96&d=mm&r=g\",\"width\":96,\"height\":96,\"caption\":\"Encontra Juazeiro\"}},{\"@type\":\"WebPage\",\"@id\":\"https:\\\/\\\/www.encontrajuazeiro.com.br\\\/sobre\\\/queima-das-lapinhas-marca-o-encerramento-do-ciclo-de-reis-em-juazeiro-do-norte\\\/#webpage\",\"url\":\"https:\\\/\\\/www.encontrajuazeiro.com.br\\\/sobre\\\/queima-das-lapinhas-marca-o-encerramento-do-ciclo-de-reis-em-juazeiro-do-norte\\\/\",\"name\":\"Queima das lapinhas marca o encerramento do Ciclo de Reis em Juazeiro do Norte | Encontra Juazeiro\",\"description\":\"Descubra como a Queima das Lapinhas celebra o encerramento do Ciclo de Reis em Juazeiro do Norte.\",\"inLanguage\":\"pt-BR\",\"isPartOf\":{\"@id\":\"https:\\\/\\\/www.encontrajuazeiro.com.br\\\/sobre\\\/#website\"},\"breadcrumb\":{\"@id\":\"https:\\\/\\\/www.encontrajuazeiro.com.br\\\/sobre\\\/queima-das-lapinhas-marca-o-encerramento-do-ciclo-de-reis-em-juazeiro-do-norte\\\/#breadcrumblist\"},\"author\":{\"@id\":\"https:\\\/\\\/www.encontrajuazeiro.com.br\\\/sobre\\\/author\\\/ejuazeiro\\\/#author\"},\"creator\":{\"@id\":\"https:\\\/\\\/www.encontrajuazeiro.com.br\\\/sobre\\\/author\\\/ejuazeiro\\\/#author\"},\"image\":{\"@type\":\"ImageObject\",\"url\":\"https:\\\/\\\/www.encontrajuazeiro.com.br\\\/sobre\\\/wp-content\\\/uploads\\\/2026\\\/01\\\/queima-das-lapinhas-marca-o-encerramento-do-ciclo-de-reis-em-juazeiro-do-norte.webp\",\"@id\":\"https:\\\/\\\/www.encontrajuazeiro.com.br\\\/sobre\\\/queima-das-lapinhas-marca-o-encerramento-do-ciclo-de-reis-em-juazeiro-do-norte\\\/#mainImage\",\"width\":280,\"height\":280,\"caption\":\"Queima das lapinhas\"},\"primaryImageOfPage\":{\"@id\":\"https:\\\/\\\/www.encontrajuazeiro.com.br\\\/sobre\\\/queima-das-lapinhas-marca-o-encerramento-do-ciclo-de-reis-em-juazeiro-do-norte\\\/#mainImage\"},\"datePublished\":\"2026-01-18T03:54:52-03:00\",\"dateModified\":\"2026-01-18T03:54:52-03:00\"},{\"@type\":\"WebSite\",\"@id\":\"https:\\\/\\\/www.encontrajuazeiro.com.br\\\/sobre\\\/#website\",\"url\":\"https:\\\/\\\/www.encontrajuazeiro.com.br\\\/sobre\\\/\",\"name\":\"Encontra Juazeiro\",\"description\":\"Not\\u00edcias, eventos, informa\\u00e7\\u00f5es e dicas na cidade Juazeiro e regi\\u00e3o.\",\"inLanguage\":\"pt-BR\",\"publisher\":{\"@id\":\"https:\\\/\\\/www.encontrajuazeiro.com.br\\\/sobre\\\/#organization\"}}]}\n\t\t<\/script>\n\t\t<!-- All in One SEO -->\n\n","aioseo_head_json":{"title":"Queima das lapinhas marca o encerramento do Ciclo de Reis em Juazeiro do Norte | Encontra Juazeiro","description":"Descubra como a Queima das Lapinhas celebra o encerramento do Ciclo de Reis em Juazeiro do Norte.","canonical_url":"https:\/\/www.encontrajuazeiro.com.br\/sobre\/queima-das-lapinhas-marca-o-encerramento-do-ciclo-de-reis-em-juazeiro-do-norte\/","robots":"max-image-preview:large","keywords":"","webmasterTools":{"miscellaneous":""},"schema":{"@context":"https:\/\/schema.org","@graph":[{"@type":"Article","@id":"https:\/\/www.encontrajuazeiro.com.br\/sobre\/queima-das-lapinhas-marca-o-encerramento-do-ciclo-de-reis-em-juazeiro-do-norte\/#article","name":"Queima das lapinhas marca o encerramento do Ciclo de Reis em Juazeiro do Norte | Encontra Juazeiro","headline":"Queima das lapinhas marca o encerramento do Ciclo de Reis em Juazeiro do Norte","author":{"@id":"https:\/\/www.encontrajuazeiro.com.br\/sobre\/author\/ejuazeiro\/#author"},"publisher":{"@id":"https:\/\/www.encontrajuazeiro.com.br\/sobre\/#organization"},"image":{"@type":"ImageObject","url":"https:\/\/www.encontrajuazeiro.com.br\/sobre\/wp-content\/uploads\/2026\/01\/queima-das-lapinhas-marca-o-encerramento-do-ciclo-de-reis-em-juazeiro-do-norte.webp","width":280,"height":280,"caption":"Queima das lapinhas"},"datePublished":"2026-01-18T03:54:52-03:00","dateModified":"2026-01-18T03:54:52-03:00","inLanguage":"pt-BR","mainEntityOfPage":{"@id":"https:\/\/www.encontrajuazeiro.com.br\/sobre\/queima-das-lapinhas-marca-o-encerramento-do-ciclo-de-reis-em-juazeiro-do-norte\/#webpage"},"isPartOf":{"@id":"https:\/\/www.encontrajuazeiro.com.br\/sobre\/queima-das-lapinhas-marca-o-encerramento-do-ciclo-de-reis-em-juazeiro-do-norte\/#webpage"},"articleSection":"Not\u00edcias Juazeiro"},{"@type":"BreadcrumbList","@id":"https:\/\/www.encontrajuazeiro.com.br\/sobre\/queima-das-lapinhas-marca-o-encerramento-do-ciclo-de-reis-em-juazeiro-do-norte\/#breadcrumblist","itemListElement":[{"@type":"ListItem","@id":"https:\/\/www.encontrajuazeiro.com.br\/sobre#listItem","position":1,"name":"Home","item":"https:\/\/www.encontrajuazeiro.com.br\/sobre","nextItem":{"@type":"ListItem","@id":"https:\/\/www.encontrajuazeiro.com.br\/sobre\/noticias-em-juazeiro\/#listItem","name":"Not\u00edcias Juazeiro"}},{"@type":"ListItem","@id":"https:\/\/www.encontrajuazeiro.com.br\/sobre\/noticias-em-juazeiro\/#listItem","position":2,"name":"Not\u00edcias Juazeiro","item":"https:\/\/www.encontrajuazeiro.com.br\/sobre\/noticias-em-juazeiro\/","nextItem":{"@type":"ListItem","@id":"https:\/\/www.encontrajuazeiro.com.br\/sobre\/queima-das-lapinhas-marca-o-encerramento-do-ciclo-de-reis-em-juazeiro-do-norte\/#listItem","name":"Queima das lapinhas marca o encerramento do Ciclo de Reis em Juazeiro do Norte"},"previousItem":{"@type":"ListItem","@id":"https:\/\/www.encontrajuazeiro.com.br\/sobre#listItem","name":"Home"}},{"@type":"ListItem","@id":"https:\/\/www.encontrajuazeiro.com.br\/sobre\/queima-das-lapinhas-marca-o-encerramento-do-ciclo-de-reis-em-juazeiro-do-norte\/#listItem","position":3,"name":"Queima das lapinhas marca o encerramento do Ciclo de Reis em Juazeiro do Norte","previousItem":{"@type":"ListItem","@id":"https:\/\/www.encontrajuazeiro.com.br\/sobre\/noticias-em-juazeiro\/#listItem","name":"Not\u00edcias Juazeiro"}}]},{"@type":"Organization","@id":"https:\/\/www.encontrajuazeiro.com.br\/sobre\/#organization","name":"Encontra Juazeiro","description":"Not\u00edcias, eventos, informa\u00e7\u00f5es e dicas na cidade Juazeiro e regi\u00e3o.","url":"https:\/\/www.encontrajuazeiro.com.br\/sobre\/"},{"@type":"Person","@id":"https:\/\/www.encontrajuazeiro.com.br\/sobre\/author\/ejuazeiro\/#author","url":"https:\/\/www.encontrajuazeiro.com.br\/sobre\/author\/ejuazeiro\/","name":"Encontra Juazeiro","image":{"@type":"ImageObject","@id":"https:\/\/www.encontrajuazeiro.com.br\/sobre\/queima-das-lapinhas-marca-o-encerramento-do-ciclo-de-reis-em-juazeiro-do-norte\/#authorImage","url":"https:\/\/secure.gravatar.com\/avatar\/507340682b8270222e1f208e23198b6ae7e2c6a1033ae84e99bc6bce4f82a387?s=96&d=mm&r=g","width":96,"height":96,"caption":"Encontra Juazeiro"}},{"@type":"WebPage","@id":"https:\/\/www.encontrajuazeiro.com.br\/sobre\/queima-das-lapinhas-marca-o-encerramento-do-ciclo-de-reis-em-juazeiro-do-norte\/#webpage","url":"https:\/\/www.encontrajuazeiro.com.br\/sobre\/queima-das-lapinhas-marca-o-encerramento-do-ciclo-de-reis-em-juazeiro-do-norte\/","name":"Queima das lapinhas marca o encerramento do Ciclo de Reis em Juazeiro do Norte | Encontra Juazeiro","description":"Descubra como a Queima das Lapinhas celebra o encerramento do Ciclo de Reis em Juazeiro do Norte.","inLanguage":"pt-BR","isPartOf":{"@id":"https:\/\/www.encontrajuazeiro.com.br\/sobre\/#website"},"breadcrumb":{"@id":"https:\/\/www.encontrajuazeiro.com.br\/sobre\/queima-das-lapinhas-marca-o-encerramento-do-ciclo-de-reis-em-juazeiro-do-norte\/#breadcrumblist"},"author":{"@id":"https:\/\/www.encontrajuazeiro.com.br\/sobre\/author\/ejuazeiro\/#author"},"creator":{"@id":"https:\/\/www.encontrajuazeiro.com.br\/sobre\/author\/ejuazeiro\/#author"},"image":{"@type":"ImageObject","url":"https:\/\/www.encontrajuazeiro.com.br\/sobre\/wp-content\/uploads\/2026\/01\/queima-das-lapinhas-marca-o-encerramento-do-ciclo-de-reis-em-juazeiro-do-norte.webp","@id":"https:\/\/www.encontrajuazeiro.com.br\/sobre\/queima-das-lapinhas-marca-o-encerramento-do-ciclo-de-reis-em-juazeiro-do-norte\/#mainImage","width":280,"height":280,"caption":"Queima das lapinhas"},"primaryImageOfPage":{"@id":"https:\/\/www.encontrajuazeiro.com.br\/sobre\/queima-das-lapinhas-marca-o-encerramento-do-ciclo-de-reis-em-juazeiro-do-norte\/#mainImage"},"datePublished":"2026-01-18T03:54:52-03:00","dateModified":"2026-01-18T03:54:52-03:00"},{"@type":"WebSite","@id":"https:\/\/www.encontrajuazeiro.com.br\/sobre\/#website","url":"https:\/\/www.encontrajuazeiro.com.br\/sobre\/","name":"Encontra Juazeiro","description":"Not\u00edcias, eventos, informa\u00e7\u00f5es e dicas na cidade Juazeiro e regi\u00e3o.","inLanguage":"pt-BR","publisher":{"@id":"https:\/\/www.encontrajuazeiro.com.br\/sobre\/#organization"}}]},"og:locale":"pt_BR","og:site_name":"Encontra Juazeiro | Not\u00edcias, eventos, informa\u00e7\u00f5es e dicas na cidade Juazeiro e regi\u00e3o.","og:type":"article","og:title":"Queima das lapinhas marca o encerramento do Ciclo de Reis em Juazeiro do Norte | Encontra Juazeiro","og:description":"Descubra como a Queima das Lapinhas celebra o encerramento do Ciclo de Reis em Juazeiro do Norte.","og:url":"https:\/\/www.encontrajuazeiro.com.br\/sobre\/queima-das-lapinhas-marca-o-encerramento-do-ciclo-de-reis-em-juazeiro-do-norte\/","article:published_time":"2026-01-18T06:54:52+00:00","article:modified_time":"2026-01-18T06:54:52+00:00","twitter:card":"summary_large_image","twitter:title":"Queima das lapinhas marca o encerramento do Ciclo de Reis em Juazeiro do Norte | Encontra Juazeiro","twitter:description":"Descubra como a Queima das Lapinhas celebra o encerramento do Ciclo de Reis em Juazeiro do Norte."},"aioseo_meta_data":{"post_id":"617","title":null,"description":null,"keywords":null,"keyphrases":null,"primary_term":null,"canonical_url":null,"og_title":null,"og_description":null,"og_object_type":"default","og_image_type":"default","og_image_url":null,"og_image_width":null,"og_image_height":null,"og_image_custom_url":null,"og_image_custom_fields":null,"og_video":null,"og_custom_url":null,"og_article_section":null,"og_article_tags":null,"twitter_use_og":false,"twitter_card":"default","twitter_image_type":"default","twitter_image_url":null,"twitter_image_custom_url":null,"twitter_image_custom_fields":null,"twitter_title":null,"twitter_description":null,"schema":{"blockGraphs":[],"customGraphs":[],"default":{"data":{"Article":[],"Course":[],"Dataset":[],"FAQPage":[],"Movie":[],"Person":[],"Product":[],"ProductReview":[],"Car":[],"Recipe":[],"Service":[],"SoftwareApplication":[],"WebPage":[]},"graphName":"Article","isEnabled":true},"graphs":[]},"schema_type":"default","schema_type_options":null,"pillar_content":false,"robots_default":true,"robots_noindex":false,"robots_noarchive":false,"robots_nosnippet":false,"robots_nofollow":false,"robots_noimageindex":false,"robots_noodp":false,"robots_notranslate":false,"robots_max_snippet":null,"robots_max_videopreview":null,"robots_max_imagepreview":"large","priority":null,"frequency":null,"local_seo":null,"breadcrumb_settings":null,"limit_modified_date":false,"ai":null,"created":"2026-01-18 06:54:58","updated":"2026-01-18 07:18:20","focus_keyword":null,"additional_keywords":null,"truseo_locale":null,"seo_analyzer_scan_date":null},"aioseo_breadcrumb":"<div class=\"aioseo-breadcrumbs\"><span class=\"aioseo-breadcrumb\">\n\t\t\t<a href=\"https:\/\/www.encontrajuazeiro.com.br\/sobre\" title=\"Home\">Home<\/a>\n\t\t<\/span><span class=\"aioseo-breadcrumb-separator\">&raquo;<\/span><span class=\"aioseo-breadcrumb\">\n\t\t\t<a href=\"https:\/\/www.encontrajuazeiro.com.br\/sobre\/noticias-em-juazeiro\/\" title=\"Not\u00edcias Juazeiro\">Not\u00edcias Juazeiro<\/a>\n\t\t<\/span><span class=\"aioseo-breadcrumb-separator\">&raquo;<\/span><span class=\"aioseo-breadcrumb\">\n\t\t\tQueima das lapinhas marca o encerramento do Ciclo de Reis em Juazeiro do Norte\n\t\t<\/span><\/div>","aioseo_breadcrumb_json":[{"label":"Home","link":"https:\/\/www.encontrajuazeiro.com.br\/sobre"},{"label":"Not\u00edcias Juazeiro","link":"https:\/\/www.encontrajuazeiro.com.br\/sobre\/noticias-em-juazeiro\/"},{"label":"Queima das lapinhas marca o encerramento do Ciclo de Reis em Juazeiro do Norte","link":"https:\/\/www.encontrajuazeiro.com.br\/sobre\/queima-das-lapinhas-marca-o-encerramento-do-ciclo-de-reis-em-juazeiro-do-norte\/"}],"_links":{"self":[{"href":"https:\/\/www.encontrajuazeiro.com.br\/sobre\/wp-json\/wp\/v2\/posts\/617","targetHints":{"allow":["GET"]}}],"collection":[{"href":"https:\/\/www.encontrajuazeiro.com.br\/sobre\/wp-json\/wp\/v2\/posts"}],"about":[{"href":"https:\/\/www.encontrajuazeiro.com.br\/sobre\/wp-json\/wp\/v2\/types\/post"}],"author":[{"embeddable":true,"href":"https:\/\/www.encontrajuazeiro.com.br\/sobre\/wp-json\/wp\/v2\/users\/1"}],"replies":[{"embeddable":true,"href":"https:\/\/www.encontrajuazeiro.com.br\/sobre\/wp-json\/wp\/v2\/comments?post=617"}],"version-history":[{"count":0,"href":"https:\/\/www.encontrajuazeiro.com.br\/sobre\/wp-json\/wp\/v2\/posts\/617\/revisions"}],"wp:featuredmedia":[{"embeddable":true,"href":"https:\/\/www.encontrajuazeiro.com.br\/sobre\/wp-json\/wp\/v2\/media\/616"}],"wp:attachment":[{"href":"https:\/\/www.encontrajuazeiro.com.br\/sobre\/wp-json\/wp\/v2\/media?parent=617"}],"wp:term":[{"taxonomy":"category","embeddable":true,"href":"https:\/\/www.encontrajuazeiro.com.br\/sobre\/wp-json\/wp\/v2\/categories?post=617"},{"taxonomy":"post_tag","embeddable":true,"href":"https:\/\/www.encontrajuazeiro.com.br\/sobre\/wp-json\/wp\/v2\/tags?post=617"}],"curies":[{"name":"wp","href":"https:\/\/api.w.org\/{rel}","templated":true}]}}