{"id":603,"date":"2026-01-15T03:58:30","date_gmt":"2026-01-15T06:58:30","guid":{"rendered":"https:\/\/www.encontrajuazeiro.com.br\/sobre\/ciclo-de-reis-movimenta-a-praca-padre-cicero-entre-26-a-29-de-dezembro\/"},"modified":"2026-01-15T03:58:30","modified_gmt":"2026-01-15T06:58:30","slug":"ciclo-de-reis-movimenta-a-praca-padre-cicero-entre-26-a-29-de-dezembro","status":"publish","type":"post","link":"https:\/\/www.encontrajuazeiro.com.br\/sobre\/ciclo-de-reis-movimenta-a-praca-padre-cicero-entre-26-a-29-de-dezembro\/","title":{"rendered":"Ciclo de Reis movimenta a Pra\u00e7a Padre C\u00edcero entre 26 a 29 de dezembro"},"content":{"rendered":"<div class=\"ab2b9bee5e9d616051dbae42a1c75083\" data-index=\"1\" style=\"float: none; margin:0px;\">\n<!-- Anuncio display - global -->\r\n<ins class=\"adsbygoogle\"\r\n     style=\"display:block\"\r\n     data-ad-client=\"ca-pub-8585364105181520\"\r\n     data-ad-slot=\"8789329856\"\r\n     data-ad-format=\"auto\"\r\n     data-full-width-responsive=\"true\"><\/ins>\r\n<script>\r\n     (adsbygoogle = window.adsbygoogle || []).push({});\r\n<\/script>\n<\/div>\n<h2>Hist\u00f3ria do Ciclo de Reis em Juazeiro do Norte<\/h2>\n<p>O Ciclo de Reis \u00e9 uma festividade popular rica em tradi\u00e7\u00e3o que ocorre anualmente em Juazeiro do Norte, no Cear\u00e1. Essa celebra\u00e7\u00e3o remonta a pr\u00e1ticas ancestrais que combinam express\u00f5es culturais, religiosas e art\u00edsticas, como um testemunho da hist\u00f3ria e das ra\u00edzes da popula\u00e7\u00e3o da regi\u00e3o. A festa \u00e9 marcada por uma s\u00e9rie de apresenta\u00e7\u00f5es que se estendem desde o Natal at\u00e9 o Dia de Reis, celebrado em 6 de janeiro. Durante esse per\u00edodo, a cidade se enche de m\u00fasicas, dan\u00e7as e encena\u00e7\u00f5es que retratam a vida e a f\u00e9 dos seus habitantes.<\/p>\n<p>Historicamente, o Ciclo de Reis come\u00e7a com a comemora\u00e7\u00e3o do Natal, quando as fam\u00edlias se re\u00fanem ao redor das tradi\u00e7\u00f5es natalinas. Gradualmente, a festividade transcende essa data, culminando nas festas de Reis, que celebram a visita dos Tr\u00eas Reis Magos ao menino Jesus. A cultura popular do Cear\u00e1 tem forte influ\u00eancia das tradi\u00e7\u00f5es africanas, ind\u00edgenas e europeias, que se entrela\u00e7am nas apresenta\u00e7\u00f5es e na maneira como a festa \u00e9 celebrada.<\/p>\n<p>Com o passar dos anos, o Ciclo de Reis evoluiu, mas sempre mantendo seu car\u00e1ter de rever\u00eancia e f\u00e9, essencial para a identidade local. Grupos folcl\u00f3ricos e culturais se re\u00fanem em diferentes partes da cidade, trazendo seus trajes coloridos e repert\u00f3rios variados, que refletem a diversidade cultural do Cariri. Essa evolu\u00e7\u00e3o traz um frescor \u00e0 festa, adicionando elementos contempor\u00e2neos, enquanto respeita as origens e tradi\u00e7\u00f5es.<\/p>\n<p><img decoding=\"async\" src=\"http:\/\/www.encontrajuazeiro.com.br\/sobre\/wp-content\/uploads\/2026\/01\/ciclo-de-reis-movimenta-a-praca-padre-cicero-entre-26-a-29-de-dezembro.webp\" alt=\"Ciclo de Reis\" loading=\"lazy\" \/><\/p>\n<h2>O que esperar das apresenta\u00e7\u00f5es<\/h2>\n<p>As apresenta\u00e7\u00f5es do Ciclo de Reis prometem ser momentos \u00fanicos de celebra\u00e7\u00e3o e viv\u00eancia cultural. Com mais de 50 grupos participantes, o evento re\u00fane cerca de mil brincantes que se revezam em performances di\u00e1rias na Pra\u00e7a Padre C\u00edcero. A festa \u00e9 uma explos\u00e3o de cores, sons e emo\u00e7\u00f5es, onde cada grupo traz sua pr\u00f3pria hist\u00f3ria, incorporando dan\u00e7as, m\u00fasica e encena\u00e7\u00f5es que dialogam com a f\u00e9 e as tradi\u00e7\u00f5es populares.<\/p>\n<p>Os visitantes e moradores podem esperar uma programa\u00e7\u00e3o repleta de diferentes elementos art\u00edsticos, como reisados, lapinhas, guerreiros e bacamarteiros. Esses segmentos art\u00edsticos n\u00e3o apenas entret\u00eam, mas tamb\u00e9m educam, transmitindo informa\u00e7\u00f5es sobre a identidade cultural da regi\u00e3o. O Ciclo de Reis \u00e9, portanto, um evento que mescla tradi\u00e7\u00e3o e contemporaneidade, chamando a todos para apreciar e participar desse rico patrim\u00f4nio cultural.<\/p>\n<p>A experi\u00eancia se torna ainda mais significativa ao se observar a intera\u00e7\u00e3o entre os grupos e o p\u00fablico. Com os dan\u00e7arinos e m\u00fasicos apresentando coreografias elaboradas e melodias que capturam a ess\u00eancia do Nordeste brasileiro, as performances n\u00e3o apenas atraem os olhares, mas tamb\u00e9m instigam sentimentos de pertencimento e solidariedade.<\/p>\n<h2>Programa\u00e7\u00e3o completa do evento<\/h2>\n<p>A programa\u00e7\u00e3o do Ciclo de Reis em Juazeiro do Norte \u00e9 intensa e variada, refletindo a riqueza cultural da cidade. O evento inicia em 15 de dezembro e se estende at\u00e9 6 de janeiro, Dia de Reis, quando a festan\u00e7a chega ao seu \u00e1pice com a queima de palhas e apresenta\u00e7\u00f5es emocionantes. Abaixo, destacamos a programa\u00e7\u00e3o para os dias principais da festa, que inclui apresenta\u00e7\u00f5es de artistas renomados e grupos locais:<\/p>\n<ul>\n<li><strong>26 de Dezembro:<\/strong><\/li>\n<ul>\n<li>Nonato Fred: 16:00 &#8211; 16:50<\/li>\n<li>Reisado S\u00e3o Severino &#8211; Adriano De Oliveira Rodrigues: 16:50 &#8211; 17:40<\/li>\n<li>Reisado Beata Mocinha &#8211; Cicero Maciel Alves Lima: 17:40 &#8211; 18:30<\/li>\n<li>Reisado Santos Reis Do Oriente &#8211; Fagner De Souza Evangelista: 18:30 &#8211; 19:20<\/li>\n<li>Guerreira Santa B\u00e1rbara &#8211; Daniela F\u00e9lix Pereira: 19:20 &#8211; 20:10<\/li>\n<li>Reisado de Congo Padre C\u00edcero &#8211; Geicykele Gon\u00e7alves Da Silva: 20:10 &#8211; 21:00<\/li>\n<li>Revivendo a Tradi\u00e7\u00e3o &#8211; Jos\u00e9 Nilton do Nascimento de Souza: 21:00 &#8211; 21:50<\/li>\n<li>Reisado Santo Ant\u00f4nio &#8211; Mestre Antonio Candido: 21:50 &#8211; 22:40<\/li>\n<li>Reisado Mirim Santo Expedito &#8211; Cicera Flatenara Azarias da Silva: 22:40 &#8211; 23:30<\/li>\n<li>Reisado S\u00e3o Miguel &#8211; Carlos Eduardo Oliveira Silva: 23:30 &#8211; 00:20<\/li>\n<\/ul>\n<li><strong>27 de Dezembro:<\/strong><\/li>\n<ul>\n<li>Reisado Padre C\u00edcero &#8211; Cicero Vieira Lima: 16:00 &#8211; 16:50<\/li>\n<li>Reisado S\u00e3o Dami\u00e3o &#8211; Dami\u00e3o Ferreira Lima: 16:50 &#8211; 17:40<\/li>\n<li>Reisado de Congo Amigos da Inf\u00e2ncia: 17:40 &#8211; 18:30<\/li>\n<li>Reisado Disc\u00edpulos do Mestre Pedro: 18:30 &#8211; 19:20<\/li>\n<li>Reisado Estrela Guia &#8211; Gabriel Angelo de Luna Silva: 19:20 &#8211; 20:10<\/li>\n<li>Reisado Nossa Senhora das Dores &#8211; Maria Aparecida Honorato dos Santos: 20:10 &#8211; 21:00<\/li>\n<li>Guerreira Santa Madalena &#8211; Fernanda da Silva Tavares: 21:00 &#8211; 21:50<\/li>\n<li>Reisado S\u00e3o Francisco &#8211; Mestre Dod\u00f4 (Francisco Joventino): 21:50 &#8211; 22:40<\/li>\n<li>Carro\u00e7a de Mamulengos &#8211; Cortejo Perna de Pau &#8211; Isabel Gomide Fran\u00e7a: 22:40 &#8211; 23:30<\/li>\n<\/ul>\n<li><strong>28 de Dezembro:<\/strong><\/li>\n<ul>\n<li>Reisado S\u00e3o Luiz &#8211; Luiz Claudio da Silva: 16:00 &#8211; 16:50<\/li>\n<li>Reisado Santa Luzia &#8211; Jos\u00e9 Messias Silva dos Santos: 16:50 &#8211; 17:40<\/li>\n<li>Reisado Mirim Padre C\u00edcero &#8211; Evaldo Ara\u00fajo Nunes: 17:40 &#8211; 18:30<\/li>\n<li>Reisado Flor de Juazeiro &#8211; Francisco Erinaldo Louren\u00e7o Silva: 18:30 &#8211; 19:20<\/li>\n<li>Reisado Manoel Messias &#8211; C\u00edcero Flavierbson Azarias da Silva: 19:20 &#8211; 20:10<\/li>\n<li>Reisado Renascer a Tradi\u00e7\u00e3o &#8211; Eduardo Santana Gomes: 20:10 &#8211; 21:00<\/li>\n<li>Reisado Santa Cec\u00edlia &#8211; Jos\u00e9 Wandson Nascimento da Silva: 21:00 &#8211; 21:50<\/li>\n<li>Reisado Disc\u00edpulo de S\u00e3o Benedito &#8211; Francisco Alves de Menezes: 21:50 &#8211; 22:40<\/li>\n<\/ul>\n<li><strong>29 de Dezembro:<\/strong><\/li>\n<ul>\n<li>Reisado Santa Helena &#8211; Jos\u00e9 Amaro da Silva: 16:00 &#8211; 16:50<\/li>\n<li>Reisado do Divino &#8211; Maria Elisabete Pacheco Almeida: 16:50 &#8211; 17:40<\/li>\n<li>Guerreiro Santa L\u00facia &#8211; Gabriel Angelo de Luna Silva: 17:40 &#8211; 18:30<\/li>\n<li>Reisado S\u00e3o Francisco &#8211; Mestre Vieira (Francisco Vieira dos Santos): 18:30 &#8211; 19:20<\/li>\n<li>Guerreiro Nossa Senhora Aparecida &#8211; Cosmo de Souza Lima: 19:20 &#8211; 20:10<\/li>\n<li>Guerreira Santa Edwirgs &#8211; Iara Maria Pereira: 20:10 &#8211; 21:00<\/li>\n<li>Reisado Santa Terezinha &#8211; Jos\u00e9 Cassiano dos Santos: 21:00 &#8211; 21:50<\/li>\n<li>Reisado Sagrada Fam\u00edlia &#8211; Michael Jakson Gomes Pereira: 21:50 &#8211; 22:40<\/li>\n<li>Reisado Arcanjo Gabriel &#8211; Cicera Maria Basilio Belo: 22:40 &#8211; 23:30<\/li>\n<\/ul>\n<h2>Import\u00e2ncia cultural e social do Ciclo de Reis<\/h2>\n<p>O Ciclo de Reis em Juazeiro do Norte n\u00e3o \u00e9 apenas uma festividade, mas uma express\u00e3o cultural que tem um profundo impacto na sociedade local. A import\u00e2ncia desse evento se reflete na forma como ele agrega as comunidades, promove a identidade e resgata as tradi\u00e7\u00f5es. Al\u00e9m disso, traz elementos de inclus\u00e3o e pertencimento, permitindo que pessoas de diversas idades e classes sociais se unam em celebra\u00e7\u00e3o.<\/p>\n<p>Um dos principais aspectos sociais do Ciclo de Reis \u00e9 a valoriza\u00e7\u00e3o dos mestres e brincantes, que atuam como guardi\u00f5es da heran\u00e7a cultural. Esses indiv\u00edduos, muitas vezes, dedicam suas vidas \u00e0 manuten\u00e7\u00e3o das tradi\u00e7\u00f5es e s\u00e3o reverenciados em suas comunidades. A festa, ent\u00e3o, se torna um espa\u00e7o para celebra\u00e7\u00e3o e respeito por esses valores e saberes que, muitas vezes, s\u00e3o transmitidos oralmente entre gera\u00e7\u00f5es.<\/p>\n<p>Al\u00e9m disso, o Ciclo de Reis contribui para o fortalecimento da economia local. Com a realiza\u00e7\u00e3o do evento, o turismo \u00e9 estimulado, aumentando a demanda por servi\u00e7os de hospedagem, alimenta\u00e7\u00e3o e transporte. Esta movimenta\u00e7\u00e3o econ\u00f4mica \u00e9 crucial, especialmente em tempos de dificuldades financeiras, promovendo uma inje\u00e7\u00e3o de recursos n\u00e3o apenas para os trabalhadores do setor, mas tamb\u00e9m para pequenos comerciantes que dependem do fluxo de visitantes durante a festividade.<\/p>\n<h2>Os grupos participantes e suas tradi\u00e7\u00f5es<\/h2>\n<p>Os grupos participantes do Ciclo de Reis s\u00e3o diversos, cada um trazendo suas particularidades e tradi\u00e7\u00f5es espec\u00edficas. Esses grupos folcl\u00f3ricos, muitos deles com hist\u00f3rias que remontam a d\u00e9cadas, s\u00e3o formados por pessoas que se dedicam a resgatar e reproduzir as manifesta\u00e7\u00f5es culturais de seus antepassados. Entre eles, destacam-se os reisados, lapinhas e guerreiros, que s\u00e3o vistos em sua ess\u00eancia durante as apresenta\u00e7\u00f5es.<\/p>\n<p>Os reisados, por exemplo, s\u00e3o encena\u00e7\u00f5es teatrais que recontam a hist\u00f3ria dos Reis Magos em formato de dan\u00e7a, m\u00fasica e atua\u00e7\u00e3o. Os participantes se vestem com trajes elaborados e cheios de detalhes, refletindo a riqueza cultural presente na regi\u00e3o. A inclus\u00e3o de elementos de demais culturas, como a africana e a ind\u00edgena, confere uma autenticidade e uma mistura singular a esses reisados, tornando-os ainda mais ricos em suas narrativas.<\/p>\n<p>As lapinhas, por sua vez, representam outro aspecto importante do Ciclo de Reis. Essas encena\u00e7\u00f5es s\u00e3o uma forma l\u00fadica de celebrar a vida de Jesus, trazendo figuras que remetem ao nascimento do menino. Os organizadores das lapinhas se re\u00fanem em suas comunidades para criar um ambiente acolhedor e m\u00e1gico, que encanta a todos.<\/p>\n<p>Os guerreiros tamb\u00e9m t\u00eam papel central nas festividades, simbolizando a defesa dos valores e costumes locais. Com dan\u00e7as que lembram rituais de prote\u00e7\u00e3o, os guerreiros atraem a aten\u00e7\u00e3o do p\u00fablico pela performance en\u00e9rgica e cativante, constituindo uma parte vital do Ciclo de Reis.<\/p>\n<h2>Como o evento valoriza a cultura popular<\/h2>\n<p>O Ciclo de Reis \u00e9 um exemplo claro de como um evento pode valorizar a cultura popular e reafirmar a identidade de uma comunidade. Ao proporcionar um espa\u00e7o para que tradi\u00e7\u00f5es e hist\u00f3rias sejam contadas, a festividade \u00e9 um meio de resist\u00eancia cultural que assegura que as novas gera\u00e7\u00f5es conhe\u00e7am suas ra\u00edzes. Essa valoriza\u00e7\u00e3o \u00e9 fundamental em tempos onde a globaliza\u00e7\u00e3o pode diluir identidades locais.<\/p>\n<p>Durante o Ciclo de Reis, todos s\u00e3o convidados a participar, o que torna a celebra\u00e7\u00e3o inclusiva e acess\u00edvel. A intera\u00e7\u00e3o entre artistas e o p\u00fablico cria um ambiente onde se compartilham saberes e experi\u00eancias, refor\u00e7ando os la\u00e7os comunit\u00e1rios. A presen\u00e7a de jovens e crian\u00e7as nas apresenta\u00e7\u00f5es \u00e9 especialmente not\u00e1vel, pois se trata da forma\u00e7\u00e3o das futuras gera\u00e7\u00f5es como guardi\u00e3s da cultura.<\/p>\n<p>Al\u00e9m disso, a festividade gera um di\u00e1logo entre diferentes grupos culturais, promovendo um interc\u00e2mbio interessante entre os participantes. Essa troca contribui para que as tradi\u00e7\u00f5es de cada grupo se entrelacem, dando origem a novas cria\u00e7\u00f5es art\u00edsticas que respeitam as ra\u00edzes, mas ao mesmo tempo inovam e se adaptam aos tempos modernos.<\/p>\n<h2>Impacto do Ciclo de Reis na comunidade local<\/h2>\n<p>O impacto do Ciclo de Reis na comunidade local vai al\u00e9m das festividades em si. O evento se torna um catalisador para a solidariedade e a uni\u00e3o entre os habitantes, promovendo a sensa\u00e7\u00e3o de pertencimento e orgulho. As pessoas se mobilizam para organizar o evento, participar das apresenta\u00e7\u00f5es e se engajar em a\u00e7\u00f5es que fortalecem a identidade coletiva.<\/p>\n<p>A integra\u00e7\u00e3o de diferentes grupos sociais e et\u00e1rios \u00e9 um dos pontos altos do Ciclo de Reis. Fam\u00edlias inteiras se envolvem no processo, desde a confec\u00e7\u00e3o de roupas at\u00e9 a execu\u00e7\u00e3o das dan\u00e7as. Essa pr\u00e1tica n\u00e3o apenas proporciona momentos de alegria e divers\u00e3o, mas tamb\u00e9m refor\u00e7a o valor do trabalho em equipe e da colabora\u00e7\u00e3o entre os membros da comunidade.<\/p>\n<p>Al\u00e9m disso, o Ciclo de Reis serve como um ponto de encontro para discuss\u00f5es sobre a preserva\u00e7\u00e3o da cultura e fortalecer redes de apoio. Ao final do evento, \u00e9 comum que as conversas sobre melhorias e ideias para as pr\u00f3ximas edi\u00e7\u00f5es sejam compartilhadas, estimulando a continuidade do legado cultural e o aprimoramento das pr\u00e1ticas festivas ao longo dos anos.<\/p>\n<h2>Depoimentos de participantes e organizadores<\/h2>\n<p>Os depoimentos de participantes e organizadores do Ciclo de Reis s\u00e3o uma valiosa fonte de informa\u00e7\u00e3o sobre a import\u00e2ncia do evento e os sentimentos que ele evoca. Muitos relataram que a experi\u00eancia de atuar nas apresenta\u00e7\u00f5es \u00e9 transformadora n\u00e3o apenas para os artistas, mas para todo o p\u00fablico que participa. As emo\u00e7\u00f5es e viv\u00eancias compartilhadas fortalecem os la\u00e7os de amizade e de pertencimento, criando mem\u00f3rias que perduram por toda a vida.<\/p>\n<p>Organizadores frequentemente destacam a alegria de ver jovens se engajando nas festividades e aprendendo com os mais velhos, como uma maneira de assegurar a continuidade das tradi\u00e7\u00f5es. &#8220;\u00c9 muito gratificante ver os jovens se apaixonando pela nossa cultura e decidindo ser parte ativa desse legado&#8221;, afirmou um dos mestres de um grupo participante.<\/p>\n<p>Outra participante, uma jovem dan\u00e7arina, relata que o Ciclo de Reis foi seu primeiro contato com a cultura de sua regi\u00e3o. \u201cEu n\u00e3o conhecia todas essas tradi\u00e7\u00f5es e agora, participar desse evento \u00e9 uma honra. Cada apresenta\u00e7\u00e3o \u00e9 um novo aprendizado, e sinto que estou fazendo parte de algo maior\u201d, disse ela. Esses testemunhos ressaltam que o Ciclo de Reis n\u00e3o \u00e9 apenas uma celebra\u00e7\u00e3o, mas uma constru\u00e7\u00e3o coletiva de identidade.<\/p>\n<h2>Atra\u00e7\u00f5es especiais programadas<\/h2>\n<p>Al\u00e9m das apresenta\u00e7\u00f5es tradicionais dos grupos participantes, o Ciclo de Reis em Juazeiro do Norte tamb\u00e9m conta com atra\u00e7\u00f5es especiais que enriquecem ainda mais a experi\u00eancia do p\u00fablico. Os organizadores costumam incluir atividades que v\u00e3o desde oficinas culturais, onde os participantes podem aprender mais sobre as dan\u00e7as e a m\u00fasica, at\u00e9 exposi\u00e7\u00f5es de artesanato local.<\/p>\n<p>Outro destaque s\u00e3o as apresenta\u00e7\u00f5es de grupos convidados, que muitas vezes trazem novas perspectivas e estilos diferentes para as apresenta\u00e7\u00f5es. Esses convidados ajudam a ampliar o repert\u00f3rio cultural da festa, tornando-a ainda mais vibrante e diversificada. S\u00e3o momentos de intera\u00e7\u00e3o que permitem trocas valiosas de conhecimentos e experi\u00eancias entre artistas locais e convidados.<\/p>\n<p>Al\u00e9m disso, as feiras gastron\u00f4micas representam um importante aspecto do Ciclo de Reis. Nelas, os visitantes podem saborear pratos t\u00edpicos da regi\u00e3o, degustando a culin\u00e1ria local que enriquece a festividade. Essa combina\u00e7\u00e3o de cultura, arte e gastronomia propicia um ambiente familiar e acolhedor, que atrai pessoas de todas as idades e origens.<\/p>\n<h2>Dicas para aproveitar melhor o evento<\/h2>\n<p>Para que os participantes possam aproveitar ao m\u00e1ximo o Ciclo de Reis, algumas dicas pr\u00e1ticas s\u00e3o valiosas:<\/p>\n<ul>\n<li><strong>Chegue cedo:<\/strong> As apresenta\u00e7\u00f5es costumam ter um bom fluxo de pessoas, arriving early ensures you get the best views and participate actively.<\/li>\n<li><strong>Vista-se confortavelmente:<\/strong> As festividades envolvem muita dan\u00e7a e movimenta\u00e7\u00e3o. Roupas leves e confort\u00e1veis facilitar\u00e3o a participa\u00e7\u00e3o nas dan\u00e7as ou no simples aproveitamento do evento.<\/li>\n<li><strong>Traga sua fam\u00edlia e amigos:<\/strong> O Ciclo de Reis \u00e9 um evento de celebra\u00e7\u00e3o comunit\u00e1ria. Compartilhar essa experi\u00eancia com os entes queridos aumenta a alegria e a divers\u00e3o.<\/li>\n<li><strong>Experimente a gastronomia local:<\/strong> N\u00e3o deixe de provar os pratos t\u00edpicos da culin\u00e1ria regional que estar\u00e3o dispon\u00edveis nas feiras. \u00c9 uma \u00f3tima maneira de se conectar ainda mais com a cultura local.<\/li>\n<li><strong>Interaja com os artistas:<\/strong> Os brincantes geralmente est\u00e3o abertos a conversar. Aproveite essas intera\u00e7\u00f5es para aprender mais sobre as tradi\u00e7\u00f5es e a cultura que cada grupo represente.<\/li>\n<li><strong>Documente sua experi\u00eancia:<\/strong> Fotografar os melhores momentos do evento ajuda a preservar as mem\u00f3rias e compartilha-las com aqueles que n\u00e3o puderam comparecer.<\/li>\n<\/ul>\n<p>Seguindo essas dicas, todos podem maximizar sua viv\u00eancia no Ciclo de Reis, promovendo uma experi\u00eancia rica culturalmente e repleta de significados.<\/p>\n\n<div style=\"font-size: 0px; height: 0px; line-height: 0px; margin: 0; padding: 0; clear: both;\"><\/div>","protected":false},"excerpt":{"rendered":"<p>Ciclo de Reis traz uma experi\u00eancia cultural \u00fanica em Juazeiro do Norte.<\/p>\n","protected":false},"author":1,"featured_media":602,"comment_status":"open","ping_status":"closed","sticky":false,"template":"","format":"standard","meta":{"footnotes":""},"categories":[5],"tags":[],"class_list":["post-603","post","type-post","status-publish","format-standard","has-post-thumbnail","hentry","category-noticias-em-juazeiro","has_thumb"],"aioseo_notices":[],"aioseo_head":"\n\t\t<!-- All in One SEO 5.0.0.1 - aioseo.com -->\n\t<meta name=\"description\" content=\"Ciclo de Reis traz uma experi\u00eancia cultural \u00fanica em Juazeiro do Norte.\" \/>\n\t<meta name=\"robots\" content=\"max-image-preview:large\" \/>\n\t<meta name=\"author\" content=\"Encontra Juazeiro\"\/>\n\t<link rel=\"canonical\" href=\"https:\/\/www.encontrajuazeiro.com.br\/sobre\/ciclo-de-reis-movimenta-a-praca-padre-cicero-entre-26-a-29-de-dezembro\/\" \/>\n\t<meta name=\"generator\" content=\"All in One SEO (AIOSEO) 5.0.0.1\" \/>\n\t\t<meta property=\"og:locale\" content=\"pt_BR\" \/>\n\t\t<meta property=\"og:site_name\" content=\"Encontra Juazeiro | Not\u00edcias, eventos, informa\u00e7\u00f5es e dicas na cidade Juazeiro e regi\u00e3o.\" \/>\n\t\t<meta property=\"og:type\" content=\"article\" \/>\n\t\t<meta property=\"og:title\" content=\"Ciclo de Reis movimenta a Pra\u00e7a Padre C\u00edcero entre 26 a 29 de dezembro | Encontra Juazeiro\" \/>\n\t\t<meta property=\"og:description\" content=\"Ciclo de Reis traz uma experi\u00eancia cultural \u00fanica em Juazeiro do Norte.\" \/>\n\t\t<meta property=\"og:url\" content=\"https:\/\/www.encontrajuazeiro.com.br\/sobre\/ciclo-de-reis-movimenta-a-praca-padre-cicero-entre-26-a-29-de-dezembro\/\" \/>\n\t\t<meta property=\"article:published_time\" content=\"2026-01-15T06:58:30+00:00\" \/>\n\t\t<meta property=\"article:modified_time\" content=\"2026-01-15T06:58:30+00:00\" \/>\n\t\t<meta name=\"twitter:card\" content=\"summary_large_image\" \/>\n\t\t<meta name=\"twitter:title\" content=\"Ciclo de Reis movimenta a Pra\u00e7a Padre C\u00edcero entre 26 a 29 de dezembro | Encontra Juazeiro\" \/>\n\t\t<meta name=\"twitter:description\" content=\"Ciclo de Reis traz uma experi\u00eancia cultural \u00fanica em Juazeiro do Norte.\" \/>\n\t\t<script type=\"application\/ld+json\" class=\"aioseo-schema\">\n\t\t\t{\"@context\":\"https:\\\/\\\/schema.org\",\"@graph\":[{\"@type\":\"Article\",\"@id\":\"https:\\\/\\\/www.encontrajuazeiro.com.br\\\/sobre\\\/ciclo-de-reis-movimenta-a-praca-padre-cicero-entre-26-a-29-de-dezembro\\\/#article\",\"name\":\"Ciclo de Reis movimenta a Pra\\u00e7a Padre C\\u00edcero entre 26 a 29 de dezembro | Encontra Juazeiro\",\"headline\":\"Ciclo de Reis movimenta a Pra\\u00e7a Padre C\\u00edcero entre 26 a 29 de dezembro\",\"author\":{\"@id\":\"https:\\\/\\\/www.encontrajuazeiro.com.br\\\/sobre\\\/author\\\/ejuazeiro\\\/#author\"},\"publisher\":{\"@id\":\"https:\\\/\\\/www.encontrajuazeiro.com.br\\\/sobre\\\/#organization\"},\"image\":{\"@type\":\"ImageObject\",\"url\":\"https:\\\/\\\/www.encontrajuazeiro.com.br\\\/sobre\\\/wp-content\\\/uploads\\\/2026\\\/01\\\/ciclo-de-reis-movimenta-a-praca-padre-cicero-entre-26-a-29-de-dezembro.webp\",\"width\":280,\"height\":280,\"caption\":\"Ciclo de Reis\"},\"datePublished\":\"2026-01-15T03:58:30-03:00\",\"dateModified\":\"2026-01-15T03:58:30-03:00\",\"inLanguage\":\"pt-BR\",\"mainEntityOfPage\":{\"@id\":\"https:\\\/\\\/www.encontrajuazeiro.com.br\\\/sobre\\\/ciclo-de-reis-movimenta-a-praca-padre-cicero-entre-26-a-29-de-dezembro\\\/#webpage\"},\"isPartOf\":{\"@id\":\"https:\\\/\\\/www.encontrajuazeiro.com.br\\\/sobre\\\/ciclo-de-reis-movimenta-a-praca-padre-cicero-entre-26-a-29-de-dezembro\\\/#webpage\"},\"articleSection\":\"Not\\u00edcias Juazeiro\"},{\"@type\":\"BreadcrumbList\",\"@id\":\"https:\\\/\\\/www.encontrajuazeiro.com.br\\\/sobre\\\/ciclo-de-reis-movimenta-a-praca-padre-cicero-entre-26-a-29-de-dezembro\\\/#breadcrumblist\",\"itemListElement\":[{\"@type\":\"ListItem\",\"@id\":\"https:\\\/\\\/www.encontrajuazeiro.com.br\\\/sobre#listItem\",\"position\":1,\"name\":\"Home\",\"item\":\"https:\\\/\\\/www.encontrajuazeiro.com.br\\\/sobre\",\"nextItem\":{\"@type\":\"ListItem\",\"@id\":\"https:\\\/\\\/www.encontrajuazeiro.com.br\\\/sobre\\\/noticias-em-juazeiro\\\/#listItem\",\"name\":\"Not\\u00edcias Juazeiro\"}},{\"@type\":\"ListItem\",\"@id\":\"https:\\\/\\\/www.encontrajuazeiro.com.br\\\/sobre\\\/noticias-em-juazeiro\\\/#listItem\",\"position\":2,\"name\":\"Not\\u00edcias Juazeiro\",\"item\":\"https:\\\/\\\/www.encontrajuazeiro.com.br\\\/sobre\\\/noticias-em-juazeiro\\\/\",\"nextItem\":{\"@type\":\"ListItem\",\"@id\":\"https:\\\/\\\/www.encontrajuazeiro.com.br\\\/sobre\\\/ciclo-de-reis-movimenta-a-praca-padre-cicero-entre-26-a-29-de-dezembro\\\/#listItem\",\"name\":\"Ciclo de Reis movimenta a Pra\\u00e7a Padre C\\u00edcero entre 26 a 29 de dezembro\"},\"previousItem\":{\"@type\":\"ListItem\",\"@id\":\"https:\\\/\\\/www.encontrajuazeiro.com.br\\\/sobre#listItem\",\"name\":\"Home\"}},{\"@type\":\"ListItem\",\"@id\":\"https:\\\/\\\/www.encontrajuazeiro.com.br\\\/sobre\\\/ciclo-de-reis-movimenta-a-praca-padre-cicero-entre-26-a-29-de-dezembro\\\/#listItem\",\"position\":3,\"name\":\"Ciclo de Reis movimenta a Pra\\u00e7a Padre C\\u00edcero entre 26 a 29 de dezembro\",\"previousItem\":{\"@type\":\"ListItem\",\"@id\":\"https:\\\/\\\/www.encontrajuazeiro.com.br\\\/sobre\\\/noticias-em-juazeiro\\\/#listItem\",\"name\":\"Not\\u00edcias Juazeiro\"}}]},{\"@type\":\"Organization\",\"@id\":\"https:\\\/\\\/www.encontrajuazeiro.com.br\\\/sobre\\\/#organization\",\"name\":\"Encontra Juazeiro\",\"description\":\"Not\\u00edcias, eventos, informa\\u00e7\\u00f5es e dicas na cidade Juazeiro e regi\\u00e3o.\",\"url\":\"https:\\\/\\\/www.encontrajuazeiro.com.br\\\/sobre\\\/\"},{\"@type\":\"Person\",\"@id\":\"https:\\\/\\\/www.encontrajuazeiro.com.br\\\/sobre\\\/author\\\/ejuazeiro\\\/#author\",\"url\":\"https:\\\/\\\/www.encontrajuazeiro.com.br\\\/sobre\\\/author\\\/ejuazeiro\\\/\",\"name\":\"Encontra Juazeiro\",\"image\":{\"@type\":\"ImageObject\",\"@id\":\"https:\\\/\\\/www.encontrajuazeiro.com.br\\\/sobre\\\/ciclo-de-reis-movimenta-a-praca-padre-cicero-entre-26-a-29-de-dezembro\\\/#authorImage\",\"url\":\"https:\\\/\\\/secure.gravatar.com\\\/avatar\\\/507340682b8270222e1f208e23198b6ae7e2c6a1033ae84e99bc6bce4f82a387?s=96&d=mm&r=g\",\"width\":96,\"height\":96,\"caption\":\"Encontra Juazeiro\"}},{\"@type\":\"WebPage\",\"@id\":\"https:\\\/\\\/www.encontrajuazeiro.com.br\\\/sobre\\\/ciclo-de-reis-movimenta-a-praca-padre-cicero-entre-26-a-29-de-dezembro\\\/#webpage\",\"url\":\"https:\\\/\\\/www.encontrajuazeiro.com.br\\\/sobre\\\/ciclo-de-reis-movimenta-a-praca-padre-cicero-entre-26-a-29-de-dezembro\\\/\",\"name\":\"Ciclo de Reis movimenta a Pra\\u00e7a Padre C\\u00edcero entre 26 a 29 de dezembro | Encontra Juazeiro\",\"description\":\"Ciclo de Reis traz uma experi\\u00eancia cultural \\u00fanica em Juazeiro do Norte.\",\"inLanguage\":\"pt-BR\",\"isPartOf\":{\"@id\":\"https:\\\/\\\/www.encontrajuazeiro.com.br\\\/sobre\\\/#website\"},\"breadcrumb\":{\"@id\":\"https:\\\/\\\/www.encontrajuazeiro.com.br\\\/sobre\\\/ciclo-de-reis-movimenta-a-praca-padre-cicero-entre-26-a-29-de-dezembro\\\/#breadcrumblist\"},\"author\":{\"@id\":\"https:\\\/\\\/www.encontrajuazeiro.com.br\\\/sobre\\\/author\\\/ejuazeiro\\\/#author\"},\"creator\":{\"@id\":\"https:\\\/\\\/www.encontrajuazeiro.com.br\\\/sobre\\\/author\\\/ejuazeiro\\\/#author\"},\"image\":{\"@type\":\"ImageObject\",\"url\":\"https:\\\/\\\/www.encontrajuazeiro.com.br\\\/sobre\\\/wp-content\\\/uploads\\\/2026\\\/01\\\/ciclo-de-reis-movimenta-a-praca-padre-cicero-entre-26-a-29-de-dezembro.webp\",\"@id\":\"https:\\\/\\\/www.encontrajuazeiro.com.br\\\/sobre\\\/ciclo-de-reis-movimenta-a-praca-padre-cicero-entre-26-a-29-de-dezembro\\\/#mainImage\",\"width\":280,\"height\":280,\"caption\":\"Ciclo de Reis\"},\"primaryImageOfPage\":{\"@id\":\"https:\\\/\\\/www.encontrajuazeiro.com.br\\\/sobre\\\/ciclo-de-reis-movimenta-a-praca-padre-cicero-entre-26-a-29-de-dezembro\\\/#mainImage\"},\"datePublished\":\"2026-01-15T03:58:30-03:00\",\"dateModified\":\"2026-01-15T03:58:30-03:00\"},{\"@type\":\"WebSite\",\"@id\":\"https:\\\/\\\/www.encontrajuazeiro.com.br\\\/sobre\\\/#website\",\"url\":\"https:\\\/\\\/www.encontrajuazeiro.com.br\\\/sobre\\\/\",\"name\":\"Encontra Juazeiro\",\"description\":\"Not\\u00edcias, eventos, informa\\u00e7\\u00f5es e dicas na cidade Juazeiro e regi\\u00e3o.\",\"inLanguage\":\"pt-BR\",\"publisher\":{\"@id\":\"https:\\\/\\\/www.encontrajuazeiro.com.br\\\/sobre\\\/#organization\"}}]}\n\t\t<\/script>\n\t\t<!-- All in One SEO -->\n\n","aioseo_head_json":{"title":"Ciclo de Reis movimenta a Pra\u00e7a Padre C\u00edcero entre 26 a 29 de dezembro | Encontra Juazeiro","description":"Ciclo de Reis traz uma experi\u00eancia cultural \u00fanica em Juazeiro do Norte.","canonical_url":"https:\/\/www.encontrajuazeiro.com.br\/sobre\/ciclo-de-reis-movimenta-a-praca-padre-cicero-entre-26-a-29-de-dezembro\/","robots":"max-image-preview:large","keywords":"","webmasterTools":{"miscellaneous":""},"schema":{"@context":"https:\/\/schema.org","@graph":[{"@type":"Article","@id":"https:\/\/www.encontrajuazeiro.com.br\/sobre\/ciclo-de-reis-movimenta-a-praca-padre-cicero-entre-26-a-29-de-dezembro\/#article","name":"Ciclo de Reis movimenta a Pra\u00e7a Padre C\u00edcero entre 26 a 29 de dezembro | Encontra Juazeiro","headline":"Ciclo de Reis movimenta a Pra\u00e7a Padre C\u00edcero entre 26 a 29 de dezembro","author":{"@id":"https:\/\/www.encontrajuazeiro.com.br\/sobre\/author\/ejuazeiro\/#author"},"publisher":{"@id":"https:\/\/www.encontrajuazeiro.com.br\/sobre\/#organization"},"image":{"@type":"ImageObject","url":"https:\/\/www.encontrajuazeiro.com.br\/sobre\/wp-content\/uploads\/2026\/01\/ciclo-de-reis-movimenta-a-praca-padre-cicero-entre-26-a-29-de-dezembro.webp","width":280,"height":280,"caption":"Ciclo de Reis"},"datePublished":"2026-01-15T03:58:30-03:00","dateModified":"2026-01-15T03:58:30-03:00","inLanguage":"pt-BR","mainEntityOfPage":{"@id":"https:\/\/www.encontrajuazeiro.com.br\/sobre\/ciclo-de-reis-movimenta-a-praca-padre-cicero-entre-26-a-29-de-dezembro\/#webpage"},"isPartOf":{"@id":"https:\/\/www.encontrajuazeiro.com.br\/sobre\/ciclo-de-reis-movimenta-a-praca-padre-cicero-entre-26-a-29-de-dezembro\/#webpage"},"articleSection":"Not\u00edcias Juazeiro"},{"@type":"BreadcrumbList","@id":"https:\/\/www.encontrajuazeiro.com.br\/sobre\/ciclo-de-reis-movimenta-a-praca-padre-cicero-entre-26-a-29-de-dezembro\/#breadcrumblist","itemListElement":[{"@type":"ListItem","@id":"https:\/\/www.encontrajuazeiro.com.br\/sobre#listItem","position":1,"name":"Home","item":"https:\/\/www.encontrajuazeiro.com.br\/sobre","nextItem":{"@type":"ListItem","@id":"https:\/\/www.encontrajuazeiro.com.br\/sobre\/noticias-em-juazeiro\/#listItem","name":"Not\u00edcias Juazeiro"}},{"@type":"ListItem","@id":"https:\/\/www.encontrajuazeiro.com.br\/sobre\/noticias-em-juazeiro\/#listItem","position":2,"name":"Not\u00edcias Juazeiro","item":"https:\/\/www.encontrajuazeiro.com.br\/sobre\/noticias-em-juazeiro\/","nextItem":{"@type":"ListItem","@id":"https:\/\/www.encontrajuazeiro.com.br\/sobre\/ciclo-de-reis-movimenta-a-praca-padre-cicero-entre-26-a-29-de-dezembro\/#listItem","name":"Ciclo de Reis movimenta a Pra\u00e7a Padre C\u00edcero entre 26 a 29 de dezembro"},"previousItem":{"@type":"ListItem","@id":"https:\/\/www.encontrajuazeiro.com.br\/sobre#listItem","name":"Home"}},{"@type":"ListItem","@id":"https:\/\/www.encontrajuazeiro.com.br\/sobre\/ciclo-de-reis-movimenta-a-praca-padre-cicero-entre-26-a-29-de-dezembro\/#listItem","position":3,"name":"Ciclo de Reis movimenta a Pra\u00e7a Padre C\u00edcero entre 26 a 29 de dezembro","previousItem":{"@type":"ListItem","@id":"https:\/\/www.encontrajuazeiro.com.br\/sobre\/noticias-em-juazeiro\/#listItem","name":"Not\u00edcias Juazeiro"}}]},{"@type":"Organization","@id":"https:\/\/www.encontrajuazeiro.com.br\/sobre\/#organization","name":"Encontra Juazeiro","description":"Not\u00edcias, eventos, informa\u00e7\u00f5es e dicas na cidade Juazeiro e regi\u00e3o.","url":"https:\/\/www.encontrajuazeiro.com.br\/sobre\/"},{"@type":"Person","@id":"https:\/\/www.encontrajuazeiro.com.br\/sobre\/author\/ejuazeiro\/#author","url":"https:\/\/www.encontrajuazeiro.com.br\/sobre\/author\/ejuazeiro\/","name":"Encontra Juazeiro","image":{"@type":"ImageObject","@id":"https:\/\/www.encontrajuazeiro.com.br\/sobre\/ciclo-de-reis-movimenta-a-praca-padre-cicero-entre-26-a-29-de-dezembro\/#authorImage","url":"https:\/\/secure.gravatar.com\/avatar\/507340682b8270222e1f208e23198b6ae7e2c6a1033ae84e99bc6bce4f82a387?s=96&d=mm&r=g","width":96,"height":96,"caption":"Encontra Juazeiro"}},{"@type":"WebPage","@id":"https:\/\/www.encontrajuazeiro.com.br\/sobre\/ciclo-de-reis-movimenta-a-praca-padre-cicero-entre-26-a-29-de-dezembro\/#webpage","url":"https:\/\/www.encontrajuazeiro.com.br\/sobre\/ciclo-de-reis-movimenta-a-praca-padre-cicero-entre-26-a-29-de-dezembro\/","name":"Ciclo de Reis movimenta a Pra\u00e7a Padre C\u00edcero entre 26 a 29 de dezembro | Encontra Juazeiro","description":"Ciclo de Reis traz uma experi\u00eancia cultural \u00fanica em Juazeiro do Norte.","inLanguage":"pt-BR","isPartOf":{"@id":"https:\/\/www.encontrajuazeiro.com.br\/sobre\/#website"},"breadcrumb":{"@id":"https:\/\/www.encontrajuazeiro.com.br\/sobre\/ciclo-de-reis-movimenta-a-praca-padre-cicero-entre-26-a-29-de-dezembro\/#breadcrumblist"},"author":{"@id":"https:\/\/www.encontrajuazeiro.com.br\/sobre\/author\/ejuazeiro\/#author"},"creator":{"@id":"https:\/\/www.encontrajuazeiro.com.br\/sobre\/author\/ejuazeiro\/#author"},"image":{"@type":"ImageObject","url":"https:\/\/www.encontrajuazeiro.com.br\/sobre\/wp-content\/uploads\/2026\/01\/ciclo-de-reis-movimenta-a-praca-padre-cicero-entre-26-a-29-de-dezembro.webp","@id":"https:\/\/www.encontrajuazeiro.com.br\/sobre\/ciclo-de-reis-movimenta-a-praca-padre-cicero-entre-26-a-29-de-dezembro\/#mainImage","width":280,"height":280,"caption":"Ciclo de Reis"},"primaryImageOfPage":{"@id":"https:\/\/www.encontrajuazeiro.com.br\/sobre\/ciclo-de-reis-movimenta-a-praca-padre-cicero-entre-26-a-29-de-dezembro\/#mainImage"},"datePublished":"2026-01-15T03:58:30-03:00","dateModified":"2026-01-15T03:58:30-03:00"},{"@type":"WebSite","@id":"https:\/\/www.encontrajuazeiro.com.br\/sobre\/#website","url":"https:\/\/www.encontrajuazeiro.com.br\/sobre\/","name":"Encontra Juazeiro","description":"Not\u00edcias, eventos, informa\u00e7\u00f5es e dicas na cidade Juazeiro e regi\u00e3o.","inLanguage":"pt-BR","publisher":{"@id":"https:\/\/www.encontrajuazeiro.com.br\/sobre\/#organization"}}]},"og:locale":"pt_BR","og:site_name":"Encontra Juazeiro | Not\u00edcias, eventos, informa\u00e7\u00f5es e dicas na cidade Juazeiro e regi\u00e3o.","og:type":"article","og:title":"Ciclo de Reis movimenta a Pra\u00e7a Padre C\u00edcero entre 26 a 29 de dezembro | Encontra Juazeiro","og:description":"Ciclo de Reis traz uma experi\u00eancia cultural \u00fanica em Juazeiro do Norte.","og:url":"https:\/\/www.encontrajuazeiro.com.br\/sobre\/ciclo-de-reis-movimenta-a-praca-padre-cicero-entre-26-a-29-de-dezembro\/","article:published_time":"2026-01-15T06:58:30+00:00","article:modified_time":"2026-01-15T06:58:30+00:00","twitter:card":"summary_large_image","twitter:title":"Ciclo de Reis movimenta a Pra\u00e7a Padre C\u00edcero entre 26 a 29 de dezembro | Encontra Juazeiro","twitter:description":"Ciclo de Reis traz uma experi\u00eancia cultural \u00fanica em Juazeiro do Norte."},"aioseo_meta_data":{"post_id":"603","title":null,"description":null,"keywords":null,"keyphrases":null,"primary_term":null,"canonical_url":null,"og_title":null,"og_description":null,"og_object_type":"default","og_image_type":"default","og_image_url":null,"og_image_width":null,"og_image_height":null,"og_image_custom_url":null,"og_image_custom_fields":null,"og_video":null,"og_custom_url":null,"og_article_section":null,"og_article_tags":null,"twitter_use_og":false,"twitter_card":"default","twitter_image_type":"default","twitter_image_url":null,"twitter_image_custom_url":null,"twitter_image_custom_fields":null,"twitter_title":null,"twitter_description":null,"schema":{"blockGraphs":[],"customGraphs":[],"default":{"data":{"Article":[],"Course":[],"Dataset":[],"FAQPage":[],"Movie":[],"Person":[],"Product":[],"ProductReview":[],"Car":[],"Recipe":[],"Service":[],"SoftwareApplication":[],"WebPage":[]},"graphName":"Article","isEnabled":true},"graphs":[]},"schema_type":"default","schema_type_options":null,"pillar_content":false,"robots_default":true,"robots_noindex":false,"robots_noarchive":false,"robots_nosnippet":false,"robots_nofollow":false,"robots_noimageindex":false,"robots_noodp":false,"robots_notranslate":false,"robots_max_snippet":null,"robots_max_videopreview":null,"robots_max_imagepreview":"large","priority":null,"frequency":null,"local_seo":null,"breadcrumb_settings":null,"limit_modified_date":false,"ai":null,"created":"2026-01-15 06:58:34","updated":"2026-01-15 07:22:28","focus_keyword":null,"additional_keywords":null,"truseo_locale":null,"seo_analyzer_scan_date":null},"aioseo_breadcrumb":"<div class=\"aioseo-breadcrumbs\"><span class=\"aioseo-breadcrumb\">\n\t\t\t<a href=\"https:\/\/www.encontrajuazeiro.com.br\/sobre\" title=\"Home\">Home<\/a>\n\t\t<\/span><span class=\"aioseo-breadcrumb-separator\">&raquo;<\/span><span class=\"aioseo-breadcrumb\">\n\t\t\t<a href=\"https:\/\/www.encontrajuazeiro.com.br\/sobre\/noticias-em-juazeiro\/\" title=\"Not\u00edcias Juazeiro\">Not\u00edcias Juazeiro<\/a>\n\t\t<\/span><span class=\"aioseo-breadcrumb-separator\">&raquo;<\/span><span class=\"aioseo-breadcrumb\">\n\t\t\tCiclo de Reis movimenta a Pra\u00e7a Padre C\u00edcero entre 26 a 29 de dezembro\n\t\t<\/span><\/div>","aioseo_breadcrumb_json":[{"label":"Home","link":"https:\/\/www.encontrajuazeiro.com.br\/sobre"},{"label":"Not\u00edcias Juazeiro","link":"https:\/\/www.encontrajuazeiro.com.br\/sobre\/noticias-em-juazeiro\/"},{"label":"Ciclo de Reis movimenta a Pra\u00e7a Padre C\u00edcero entre 26 a 29 de dezembro","link":"https:\/\/www.encontrajuazeiro.com.br\/sobre\/ciclo-de-reis-movimenta-a-praca-padre-cicero-entre-26-a-29-de-dezembro\/"}],"_links":{"self":[{"href":"https:\/\/www.encontrajuazeiro.com.br\/sobre\/wp-json\/wp\/v2\/posts\/603","targetHints":{"allow":["GET"]}}],"collection":[{"href":"https:\/\/www.encontrajuazeiro.com.br\/sobre\/wp-json\/wp\/v2\/posts"}],"about":[{"href":"https:\/\/www.encontrajuazeiro.com.br\/sobre\/wp-json\/wp\/v2\/types\/post"}],"author":[{"embeddable":true,"href":"https:\/\/www.encontrajuazeiro.com.br\/sobre\/wp-json\/wp\/v2\/users\/1"}],"replies":[{"embeddable":true,"href":"https:\/\/www.encontrajuazeiro.com.br\/sobre\/wp-json\/wp\/v2\/comments?post=603"}],"version-history":[{"count":0,"href":"https:\/\/www.encontrajuazeiro.com.br\/sobre\/wp-json\/wp\/v2\/posts\/603\/revisions"}],"wp:featuredmedia":[{"embeddable":true,"href":"https:\/\/www.encontrajuazeiro.com.br\/sobre\/wp-json\/wp\/v2\/media\/602"}],"wp:attachment":[{"href":"https:\/\/www.encontrajuazeiro.com.br\/sobre\/wp-json\/wp\/v2\/media?parent=603"}],"wp:term":[{"taxonomy":"category","embeddable":true,"href":"https:\/\/www.encontrajuazeiro.com.br\/sobre\/wp-json\/wp\/v2\/categories?post=603"},{"taxonomy":"post_tag","embeddable":true,"href":"https:\/\/www.encontrajuazeiro.com.br\/sobre\/wp-json\/wp\/v2\/tags?post=603"}],"curies":[{"name":"wp","href":"https:\/\/api.w.org\/{rel}","templated":true}]}}