{"id":536,"date":"2025-12-27T11:48:00","date_gmt":"2025-12-27T14:48:00","guid":{"rendered":"https:\/\/www.encontrajuazeiro.com.br\/sobre\/1a-edicao-do-celebra-suas-de-juazeiro-do-norte-ocorrera-nesta-sexta\/"},"modified":"2025-12-27T11:48:00","modified_gmt":"2025-12-27T14:48:00","slug":"1a-edicao-do-celebra-suas-de-juazeiro-do-norte-ocorrera-nesta-sexta","status":"publish","type":"post","link":"https:\/\/www.encontrajuazeiro.com.br\/sobre\/1a-edicao-do-celebra-suas-de-juazeiro-do-norte-ocorrera-nesta-sexta\/","title":{"rendered":"1\u00aa edi\u00e7\u00e3o do Celebra SUAS de Juazeiro do Norte ocorrer\u00e1 nesta sexta"},"content":{"rendered":"<div class=\"ab2b9bee5e9d616051dbae42a1c75083\" data-index=\"1\" style=\"float: none; margin:0px;\">\n<!-- Anuncio display - global -->\r\n<ins class=\"adsbygoogle\"\r\n     style=\"display:block\"\r\n     data-ad-client=\"ca-pub-8585364105181520\"\r\n     data-ad-slot=\"8789329856\"\r\n     data-ad-format=\"auto\"\r\n     data-full-width-responsive=\"true\"><\/ins>\r\n<script>\r\n     (adsbygoogle = window.adsbygoogle || []).push({});\r\n<\/script>\n<\/div>\n<h2>O que \u00e9 o Celebra SUAS?<\/h2>\n<p>O <strong>Celebra SUAS<\/strong> \u00e9 um evento anual promovido pela <strong>Prefeitura Municipal de Juazeiro do Norte<\/strong> em parceria com a <strong>Secretaria Municipal de Assist\u00eancia Social (SAS)<\/strong>. Este evento tem como principal objetivo enaltecer as a\u00e7\u00f5es e servi\u00e7os desenvolvidos dentro do <strong>Sistema \u00danico de Assist\u00eancia Social (SUAS)<\/strong>. A celebra\u00e7\u00e3o \u00e9 uma forma de reconhecer o trabalho dos profissionais que atuam na assist\u00eancia social, destacando a import\u00e2ncia de suas a\u00e7\u00f5es no cotidiano da popula\u00e7\u00e3o.<\/p>\n<p>A iniciativa celebra os avan\u00e7os conquistados e as diversas atividades que fazem parte da assist\u00eancia social no munic\u00edpio. Al\u00e9m disso, \u00e9 uma oportunidade para a comunidade se envolver e entender melhor como o SUAS opera e quais servi\u00e7os est\u00e3o dispon\u00edveis para ajudar a popula\u00e7\u00e3o em situa\u00e7\u00f5es de vulnerabilidade.<\/p>\n<h2>Data e Local do Evento<\/h2>\n<p>A 1\u00aa edi\u00e7\u00e3o do Celebra SUAS de Juazeiro do Norte ocorrer\u00e1 no dia <strong>26 de dezembro de 2025<\/strong>, \u00e0s <strong>18h<\/strong>, no <strong>Parque de Eventos Padre C\u00edcero<\/strong>, localizado no bairro Planalto. Este local foi escolhido por sua facilidade de acesso e por ser um espa\u00e7o amplo, capaz de acolher um grande n\u00famero de participantes de forma confort\u00e1vel e segura.<\/p>\n<p><img decoding=\"async\" src=\"http:\/\/www.encontrajuazeiro.com.br\/sobre\/wp-content\/uploads\/2025\/12\/1-edicao-do-celebra-suas-de-juazeiro-do-norte-ocorrera-nesta-sexta.webp\" alt=\"Celebra SUAS Juazeiro do Norte\" loading=\"lazy\" \/><\/p>\n<p>A escolha da data \u00e9 simb\u00f3lica, visto que se aproxima do final do ano, um per\u00edodo prop\u00edcio para reflex\u00f5es sobre as conquistas e desafios enfrentados ao longo do ano nas pol\u00edticas p\u00fablicas de assist\u00eancia social.<\/p>\n<h2>Objetivo do Celebra SUAS<\/h2>\n<p>O principal objetivo do Celebra SUAS \u00e9 promover o reconhecimento dos profissionais que atuam no Sistema \u00danico de Assist\u00eancia Social, destacando o papel fundamental que desempenham na melhoria da qualidade de vida de muitas pessoas. O evento busca:<\/p>\n<ul>\n<li><strong>Conscientizar a popula\u00e7\u00e3o<\/strong> sobre os servi\u00e7os dispon\u00edveis no SUAS;<\/li>\n<li><strong>Integrar os profissionais<\/strong> da assist\u00eancia social em um ambiente de troca de experi\u00eancias;<\/li>\n<li><strong>Fortalecer a gest\u00e3o<\/strong> das pol\u00edticas p\u00fablicas na \u00e1rea da assist\u00eancia;<\/li>\n<li><strong>Oferecer um espa\u00e7o<\/strong> para homenagear e reconhecer o trabalho dos servidores da assist\u00eancia.<\/li>\n<\/ul>\n<p>Por meio dessas a\u00e7\u00f5es, o evento espera n\u00e3o apenas celebrar os profissionais, mas tamb\u00e9m mobilizar a comunidade em torno da import\u00e2ncia de se ter uma rede de apoio efetiva para atender as necessidades da popula\u00e7\u00e3o.<\/p>\n<h2>Import\u00e2ncia da Assist\u00eancia Social<\/h2>\n<p>A <strong>Assist\u00eancia Social<\/strong> \u00e9 um direito social garantido pela Constitui\u00e7\u00e3o Brasileira, fundamental para promover a dignidade, a inclus\u00e3o e a igualdade de oportunidades para todos. Em cidades como Juazeiro do Norte, onde existem comunidades em situa\u00e7\u00e3o de vulnerabilidade, o papel da assist\u00eancia social se torna ainda mais importante.<\/p>\n<p>A assist\u00eancia social tem o compromisso de atuar em diversas frentes, como apoio \u00e0 fam\u00edlia, prote\u00e7\u00e3o a crian\u00e7as e adolescentes, aux\u00edlio a idosos e pessoas com defici\u00eancia, e promo\u00e7\u00e3o da inser\u00e7\u00e3o no mercado de trabalho. Esses servi\u00e7os ajudam a prevenir situa\u00e7\u00f5es de risco e a melhorar a qualidade de vida de cidad\u00e3os que enfrentam dificuldades diversas.<\/p>\n<p>Al\u00e9m disso, a assist\u00eancia social \u00e9 uma ferramenta essencial para o acompanhamento e desenvolvimento de pol\u00edticas p\u00fablicas que visam enfrentar quest\u00f5es como pobreza, desigualdade e exclus\u00e3o social. Com isso, eventos como o Celebra SUAS s\u00e3o cruciais para fortalecer o trabalho desenvolvido nessa \u00e1rea e para sensibilizar a popula\u00e7\u00e3o sobre a import\u00e2ncia da solidariedade e da inclus\u00e3o social.<\/p>\n<h2>Programa\u00e7\u00e3o do Evento<\/h2>\n<p>A programa\u00e7\u00e3o da 1\u00aa edi\u00e7\u00e3o do Celebra SUAS contar\u00e1 com diversas atividades e atra\u00e7\u00f5es voltadas para o p\u00fablico, incluindo:<\/p>\n<ul>\n<li><strong>Palestras<\/strong> sobre temas relevantes relacionados \u00e0 assist\u00eancia social;<\/li>\n<li><strong>Apresenta\u00e7\u00f5es culturais<\/strong> que reflitam a identidade local e engajem a comunidade;<\/li>\n<li><strong>Workshops<\/strong> com orienta\u00e7\u00f5es sobre como acessar diversos servi\u00e7os dispon\u00edveis no SUAS;<\/li>\n<li><strong>Momentos de reconhecimento<\/strong> para homenagear os profissionais que se destacam por suas contribui\u00e7\u00f5es.<\/li>\n<\/ul>\n<p>Essas atividades visam n\u00e3o s\u00f3 entreter, mas tamb\u00e9m educar e informar os participantes, criando um ambiente prop\u00edcio para a troca de experi\u00eancias e a forma\u00e7\u00e3o de uma rede de apoio na comunidade.<\/p>\n<h2>Reconhecimento dos Profissionais<\/h2>\n<p>Um dos pilares do Celebra SUAS \u00e9 o reconhecimento dos servidores e profissionais que operam na assist\u00eancia social. Durante o evento, ser\u00e3o homenageados aqueles que, ao longo do ano, se destacaram por suas a\u00e7\u00f5es e comprometimento na melhoria da qualidade de vida dos cidad\u00e3os. Este reconhecimento \u00e9 fundamental para motivar e valorizar os profissionais da assist\u00eancia social, que muitas vezes enfrentam desafios di\u00e1rios sem a devida valoriza\u00e7\u00e3o.<\/p>\n<p>O evento servir\u00e1 como um lembrete da import\u00e2ncia do trabalho em equipe e da dedica\u00e7\u00e3o de cada um desses profissionais, que muitas vezes v\u00e3o al\u00e9m de suas atribui\u00e7\u00f5es para atender as demandas urgentes e emergenciais da comunidade. Reconhecer essas a\u00e7\u00f5es \u00e9 promover uma cultura de valoriza\u00e7\u00e3o e respeito \u00e0queles que se dedicam \u00e0 constru\u00e7\u00e3o de uma sociedade mais justa e solid\u00e1ria.<\/p>\n<h2>Como Participar do Celebra SUAS<\/h2>\n<p>Participar do Celebra SUAS \u00e9 simples e aberto a toda a comunidade de Juazeiro do Norte. As pessoas interessadas em participar podem:<\/p>\n<ul>\n<li><strong>Comparecer ao evento<\/strong> no dia e hor\u00e1rio estabelecidos;<\/li>\n<li><strong>Divulgar o evento<\/strong> em suas redes sociais e entre amigos e familiares;<\/li>\n<li><strong>Envolver-se nas atividades<\/strong> programadas, participando ativamente das palestras e workshops.<\/li>\n<\/ul>\n<p>Al\u00e9m disso, \u00e9 importante que a comunidade esteja atenta \u00e0s orienta\u00e7\u00f5es e comunicados que ser\u00e3o divulgados pela Prefeitura e pela Secretaria Municipal de Assist\u00eancia Social. Isso garantir\u00e1 que todos tenham a oportunidade de se informar sobre a programa\u00e7\u00e3o completa e as atividades a serem realizadas no evento.<\/p>\n<h2>Hist\u00f3ria do SUAS em Juazeiro do Norte<\/h2>\n<p>O Sistema \u00danico de Assist\u00eancia Social (SUAS) foi criado pela Lei n\u00ba 8.742, de 7 de dezembro de 1993, e desde ent\u00e3o tem sido um marco na organiza\u00e7\u00e3o da assist\u00eancia social no Brasil. Em Juazeiro do Norte, o SUAS desempenha um papel crucial na articula\u00e7\u00e3o de diferentes servi\u00e7os e programas voltados \u00e0 assist\u00eancia social.<\/p>\n<p>A implementa\u00e7\u00e3o do SUAS no munic\u00edpio se deu com a amplia\u00e7\u00e3o da rede de servi\u00e7os, que passou a incluir Centros de Refer\u00eancia de Assist\u00eancia Social (CRAS), Centros de Refer\u00eancia Especializados de Assist\u00eancia Social (CREAS) e diversos servi\u00e7os voltados \u00e0 prote\u00e7\u00e3o social. Essa estrutura\u00e7\u00e3o permitiu uma atua\u00e7\u00e3o mais efetiva nas quest\u00f5es que envolvem a vulnerabilidade social.<\/p>\n<p>Com o passar dos anos, o sistema se consolidou como um elemento-chave na pol\u00edtica p\u00fablica de Juazeiro do Norte, promovendo a\u00e7\u00f5es que buscam garantir direitos e melhorar a qualidade de vida da popula\u00e7\u00e3o. Eventos como o Celebra SUAS s\u00e3o um reflexo desse caminho trilhado, celebrando as conquistas alcan\u00e7adas e promovendo a continuidade do trabalho desenvolvido.<\/p>\n<h2>Depoimentos de Participantes<\/h2>\n<p>Os relatos de participantes que estiveram envolvidos com o SUAS em Juazeiro do Norte s\u00e3o significativos e refletem a import\u00e2ncia do trabalho realizado na assist\u00eancia social. Muitos servidores destacam a satisfa\u00e7\u00e3o de ver o impacto positivo de suas a\u00e7\u00f5es na vida das pessoas. <strong>Maria de Souza<\/strong>, uma assistente social que trabalha no CRAS, afirmou:<\/p>\n<blockquote><p>&#8220;Participar do Celebra SUAS \u00e9 uma oportunidade incr\u00edvel para celebrar o nosso trabalho. Quando conseguimos ajudar uma fam\u00edlia a superar dificuldades, isso vale mais do que qualquer reconhecimento. No evento, podemos ver o quanto nossa for\u00e7a se reflete na felicidade das pessoas que atendemos.&#8221;<\/p><\/blockquote>\n<p>Outro testemunho \u00e9 de <strong>Jo\u00e3o da Silva<\/strong>, um usu\u00e1rio dos servi\u00e7os, que disse:<\/p>\n<blockquote><p>&#8220;A assist\u00eancia social me ajudou em um momento muito dif\u00edcil da minha vida. O Celebra SUAS mostra que existem pessoas dedicadas e que se importam. Fico feliz de fazer parte desse evento e ver tantas pessoas unidas em prol do bem-estar da comunidade.&#8221;<\/p><\/blockquote>\n<p>Esses depoimentos ilustram a relev\u00e2ncia do Celebra SUAS e como ele se torna um espa\u00e7o de reconhecimento, troca de experi\u00eancias e fortalecimento da rede social.<\/p>\n<h2>Expectativas para Futuras Edi\u00e7\u00f5es<\/h2>\n<p>As expectativas para futuras edi\u00e7\u00f5es do Celebra SUAS s\u00e3o otimistas. A cada ano, o evento tem o potencial de se expandir, atraindo mais participantes e promovendo uma ampla gama de atividades. A ideia \u00e9 fazer com que ele se torne um ponto de encontro tradicional para os profissionais de assist\u00eancia social e a comunidade.<\/p>\n<p>Al\u00e9m de aumentar a participa\u00e7\u00e3o da popula\u00e7\u00e3o, a meta \u00e9 diversificar as atra\u00e7\u00f5es e atividades, trazendo novas abordagens para discutir e promover a assist\u00eancia social. Planeja-se incluir mais workshops, palestras de especialistas e apresenta\u00e7\u00f5es art\u00edsticas, envolvendo diferentes segmentos da comunidade.<\/p>\n<p>O feedback dos participantes tamb\u00e9m ser\u00e1 fundamental para moldar as futuras edi\u00e7\u00f5es, garantindo que o evento continue a atender \u00e0s necessidades e expectativas da popula\u00e7\u00e3o. Assim, o Celebra SUAS tem a possibilidade de se tornar um marco na hist\u00f3ria da assist\u00eancia social em Juazeiro do Norte, servindo como um catalisador para um futuro mais colaborativo e solid\u00e1rio.<\/p>\n\n<div style=\"font-size: 0px; height: 0px; line-height: 0px; margin: 0; padding: 0; clear: both;\"><\/div>","protected":false},"excerpt":{"rendered":"<p>Celebra SUAS \u00e9 um evento inovador em Juazeiro do Norte, promovido pela assist\u00eancia social.<\/p>\n","protected":false},"author":1,"featured_media":535,"comment_status":"open","ping_status":"closed","sticky":false,"template":"","format":"standard","meta":{"footnotes":""},"categories":[5],"tags":[],"class_list":["post-536","post","type-post","status-publish","format-standard","has-post-thumbnail","hentry","category-noticias-em-juazeiro","has_thumb"],"aioseo_notices":[],"aioseo_head":"\n\t\t<!-- All in One SEO 5.0.0.1 - aioseo.com -->\n\t<meta name=\"description\" content=\"Celebra SUAS \u00e9 um evento inovador em Juazeiro do Norte, promovido pela assist\u00eancia social.\" \/>\n\t<meta name=\"robots\" content=\"max-image-preview:large\" \/>\n\t<meta name=\"author\" content=\"Encontra Juazeiro\"\/>\n\t<link rel=\"canonical\" href=\"https:\/\/www.encontrajuazeiro.com.br\/sobre\/1a-edicao-do-celebra-suas-de-juazeiro-do-norte-ocorrera-nesta-sexta\/\" \/>\n\t<meta name=\"generator\" content=\"All in One SEO (AIOSEO) 5.0.0.1\" \/>\n\t\t<meta property=\"og:locale\" content=\"pt_BR\" \/>\n\t\t<meta property=\"og:site_name\" content=\"Encontra Juazeiro | Not\u00edcias, eventos, informa\u00e7\u00f5es e dicas na cidade Juazeiro e regi\u00e3o.\" \/>\n\t\t<meta property=\"og:type\" content=\"article\" \/>\n\t\t<meta property=\"og:title\" content=\"1\u00aa edi\u00e7\u00e3o do Celebra SUAS de Juazeiro do Norte ocorrer\u00e1 nesta sexta | Encontra Juazeiro\" \/>\n\t\t<meta property=\"og:description\" content=\"Celebra SUAS \u00e9 um evento inovador em Juazeiro do Norte, promovido pela assist\u00eancia social.\" \/>\n\t\t<meta property=\"og:url\" content=\"https:\/\/www.encontrajuazeiro.com.br\/sobre\/1a-edicao-do-celebra-suas-de-juazeiro-do-norte-ocorrera-nesta-sexta\/\" \/>\n\t\t<meta property=\"article:published_time\" content=\"2025-12-27T14:48:00+00:00\" \/>\n\t\t<meta property=\"article:modified_time\" content=\"2025-12-27T14:48:00+00:00\" \/>\n\t\t<meta name=\"twitter:card\" content=\"summary_large_image\" \/>\n\t\t<meta name=\"twitter:title\" content=\"1\u00aa edi\u00e7\u00e3o do Celebra SUAS de Juazeiro do Norte ocorrer\u00e1 nesta sexta | Encontra Juazeiro\" \/>\n\t\t<meta name=\"twitter:description\" content=\"Celebra SUAS \u00e9 um evento inovador em Juazeiro do Norte, promovido pela assist\u00eancia social.\" \/>\n\t\t<script type=\"application\/ld+json\" class=\"aioseo-schema\">\n\t\t\t{\"@context\":\"https:\\\/\\\/schema.org\",\"@graph\":[{\"@type\":\"Article\",\"@id\":\"https:\\\/\\\/www.encontrajuazeiro.com.br\\\/sobre\\\/1a-edicao-do-celebra-suas-de-juazeiro-do-norte-ocorrera-nesta-sexta\\\/#article\",\"name\":\"1\\u00aa edi\\u00e7\\u00e3o do Celebra SUAS de Juazeiro do Norte ocorrer\\u00e1 nesta sexta | Encontra Juazeiro\",\"headline\":\"1\\u00aa edi\\u00e7\\u00e3o do Celebra SUAS de Juazeiro do Norte ocorrer\\u00e1 nesta sexta\",\"author\":{\"@id\":\"https:\\\/\\\/www.encontrajuazeiro.com.br\\\/sobre\\\/author\\\/ejuazeiro\\\/#author\"},\"publisher\":{\"@id\":\"https:\\\/\\\/www.encontrajuazeiro.com.br\\\/sobre\\\/#organization\"},\"image\":{\"@type\":\"ImageObject\",\"url\":\"https:\\\/\\\/www.encontrajuazeiro.com.br\\\/sobre\\\/wp-content\\\/uploads\\\/2025\\\/12\\\/1-edicao-do-celebra-suas-de-juazeiro-do-norte-ocorrera-nesta-sexta.webp\",\"width\":320,\"height\":280,\"caption\":\"Celebra SUAS Juazeiro do Norte\"},\"datePublished\":\"2025-12-27T11:48:00-03:00\",\"dateModified\":\"2025-12-27T11:48:00-03:00\",\"inLanguage\":\"pt-BR\",\"mainEntityOfPage\":{\"@id\":\"https:\\\/\\\/www.encontrajuazeiro.com.br\\\/sobre\\\/1a-edicao-do-celebra-suas-de-juazeiro-do-norte-ocorrera-nesta-sexta\\\/#webpage\"},\"isPartOf\":{\"@id\":\"https:\\\/\\\/www.encontrajuazeiro.com.br\\\/sobre\\\/1a-edicao-do-celebra-suas-de-juazeiro-do-norte-ocorrera-nesta-sexta\\\/#webpage\"},\"articleSection\":\"Not\\u00edcias Juazeiro\"},{\"@type\":\"BreadcrumbList\",\"@id\":\"https:\\\/\\\/www.encontrajuazeiro.com.br\\\/sobre\\\/1a-edicao-do-celebra-suas-de-juazeiro-do-norte-ocorrera-nesta-sexta\\\/#breadcrumblist\",\"itemListElement\":[{\"@type\":\"ListItem\",\"@id\":\"https:\\\/\\\/www.encontrajuazeiro.com.br\\\/sobre#listItem\",\"position\":1,\"name\":\"Home\",\"item\":\"https:\\\/\\\/www.encontrajuazeiro.com.br\\\/sobre\",\"nextItem\":{\"@type\":\"ListItem\",\"@id\":\"https:\\\/\\\/www.encontrajuazeiro.com.br\\\/sobre\\\/noticias-em-juazeiro\\\/#listItem\",\"name\":\"Not\\u00edcias Juazeiro\"}},{\"@type\":\"ListItem\",\"@id\":\"https:\\\/\\\/www.encontrajuazeiro.com.br\\\/sobre\\\/noticias-em-juazeiro\\\/#listItem\",\"position\":2,\"name\":\"Not\\u00edcias Juazeiro\",\"item\":\"https:\\\/\\\/www.encontrajuazeiro.com.br\\\/sobre\\\/noticias-em-juazeiro\\\/\",\"nextItem\":{\"@type\":\"ListItem\",\"@id\":\"https:\\\/\\\/www.encontrajuazeiro.com.br\\\/sobre\\\/1a-edicao-do-celebra-suas-de-juazeiro-do-norte-ocorrera-nesta-sexta\\\/#listItem\",\"name\":\"1\\u00aa edi\\u00e7\\u00e3o do Celebra SUAS de Juazeiro do Norte ocorrer\\u00e1 nesta sexta\"},\"previousItem\":{\"@type\":\"ListItem\",\"@id\":\"https:\\\/\\\/www.encontrajuazeiro.com.br\\\/sobre#listItem\",\"name\":\"Home\"}},{\"@type\":\"ListItem\",\"@id\":\"https:\\\/\\\/www.encontrajuazeiro.com.br\\\/sobre\\\/1a-edicao-do-celebra-suas-de-juazeiro-do-norte-ocorrera-nesta-sexta\\\/#listItem\",\"position\":3,\"name\":\"1\\u00aa edi\\u00e7\\u00e3o do Celebra SUAS de Juazeiro do Norte ocorrer\\u00e1 nesta sexta\",\"previousItem\":{\"@type\":\"ListItem\",\"@id\":\"https:\\\/\\\/www.encontrajuazeiro.com.br\\\/sobre\\\/noticias-em-juazeiro\\\/#listItem\",\"name\":\"Not\\u00edcias Juazeiro\"}}]},{\"@type\":\"Organization\",\"@id\":\"https:\\\/\\\/www.encontrajuazeiro.com.br\\\/sobre\\\/#organization\",\"name\":\"Encontra Juazeiro\",\"description\":\"Not\\u00edcias, eventos, informa\\u00e7\\u00f5es e dicas na cidade Juazeiro e regi\\u00e3o.\",\"url\":\"https:\\\/\\\/www.encontrajuazeiro.com.br\\\/sobre\\\/\"},{\"@type\":\"Person\",\"@id\":\"https:\\\/\\\/www.encontrajuazeiro.com.br\\\/sobre\\\/author\\\/ejuazeiro\\\/#author\",\"url\":\"https:\\\/\\\/www.encontrajuazeiro.com.br\\\/sobre\\\/author\\\/ejuazeiro\\\/\",\"name\":\"Encontra Juazeiro\",\"image\":{\"@type\":\"ImageObject\",\"@id\":\"https:\\\/\\\/www.encontrajuazeiro.com.br\\\/sobre\\\/1a-edicao-do-celebra-suas-de-juazeiro-do-norte-ocorrera-nesta-sexta\\\/#authorImage\",\"url\":\"https:\\\/\\\/secure.gravatar.com\\\/avatar\\\/507340682b8270222e1f208e23198b6ae7e2c6a1033ae84e99bc6bce4f82a387?s=96&d=mm&r=g\",\"width\":96,\"height\":96,\"caption\":\"Encontra Juazeiro\"}},{\"@type\":\"WebPage\",\"@id\":\"https:\\\/\\\/www.encontrajuazeiro.com.br\\\/sobre\\\/1a-edicao-do-celebra-suas-de-juazeiro-do-norte-ocorrera-nesta-sexta\\\/#webpage\",\"url\":\"https:\\\/\\\/www.encontrajuazeiro.com.br\\\/sobre\\\/1a-edicao-do-celebra-suas-de-juazeiro-do-norte-ocorrera-nesta-sexta\\\/\",\"name\":\"1\\u00aa edi\\u00e7\\u00e3o do Celebra SUAS de Juazeiro do Norte ocorrer\\u00e1 nesta sexta | Encontra Juazeiro\",\"description\":\"Celebra SUAS \\u00e9 um evento inovador em Juazeiro do Norte, promovido pela assist\\u00eancia social.\",\"inLanguage\":\"pt-BR\",\"isPartOf\":{\"@id\":\"https:\\\/\\\/www.encontrajuazeiro.com.br\\\/sobre\\\/#website\"},\"breadcrumb\":{\"@id\":\"https:\\\/\\\/www.encontrajuazeiro.com.br\\\/sobre\\\/1a-edicao-do-celebra-suas-de-juazeiro-do-norte-ocorrera-nesta-sexta\\\/#breadcrumblist\"},\"author\":{\"@id\":\"https:\\\/\\\/www.encontrajuazeiro.com.br\\\/sobre\\\/author\\\/ejuazeiro\\\/#author\"},\"creator\":{\"@id\":\"https:\\\/\\\/www.encontrajuazeiro.com.br\\\/sobre\\\/author\\\/ejuazeiro\\\/#author\"},\"image\":{\"@type\":\"ImageObject\",\"url\":\"https:\\\/\\\/www.encontrajuazeiro.com.br\\\/sobre\\\/wp-content\\\/uploads\\\/2025\\\/12\\\/1-edicao-do-celebra-suas-de-juazeiro-do-norte-ocorrera-nesta-sexta.webp\",\"@id\":\"https:\\\/\\\/www.encontrajuazeiro.com.br\\\/sobre\\\/1a-edicao-do-celebra-suas-de-juazeiro-do-norte-ocorrera-nesta-sexta\\\/#mainImage\",\"width\":320,\"height\":280,\"caption\":\"Celebra SUAS Juazeiro do Norte\"},\"primaryImageOfPage\":{\"@id\":\"https:\\\/\\\/www.encontrajuazeiro.com.br\\\/sobre\\\/1a-edicao-do-celebra-suas-de-juazeiro-do-norte-ocorrera-nesta-sexta\\\/#mainImage\"},\"datePublished\":\"2025-12-27T11:48:00-03:00\",\"dateModified\":\"2025-12-27T11:48:00-03:00\"},{\"@type\":\"WebSite\",\"@id\":\"https:\\\/\\\/www.encontrajuazeiro.com.br\\\/sobre\\\/#website\",\"url\":\"https:\\\/\\\/www.encontrajuazeiro.com.br\\\/sobre\\\/\",\"name\":\"Encontra Juazeiro\",\"description\":\"Not\\u00edcias, eventos, informa\\u00e7\\u00f5es e dicas na cidade Juazeiro e regi\\u00e3o.\",\"inLanguage\":\"pt-BR\",\"publisher\":{\"@id\":\"https:\\\/\\\/www.encontrajuazeiro.com.br\\\/sobre\\\/#organization\"}}]}\n\t\t<\/script>\n\t\t<!-- All in One SEO -->\n\n","aioseo_head_json":{"title":"1\u00aa edi\u00e7\u00e3o do Celebra SUAS de Juazeiro do Norte ocorrer\u00e1 nesta sexta | Encontra Juazeiro","description":"Celebra SUAS \u00e9 um evento inovador em Juazeiro do Norte, promovido pela assist\u00eancia social.","canonical_url":"https:\/\/www.encontrajuazeiro.com.br\/sobre\/1a-edicao-do-celebra-suas-de-juazeiro-do-norte-ocorrera-nesta-sexta\/","robots":"max-image-preview:large","keywords":"","webmasterTools":{"miscellaneous":""},"schema":{"@context":"https:\/\/schema.org","@graph":[{"@type":"Article","@id":"https:\/\/www.encontrajuazeiro.com.br\/sobre\/1a-edicao-do-celebra-suas-de-juazeiro-do-norte-ocorrera-nesta-sexta\/#article","name":"1\u00aa edi\u00e7\u00e3o do Celebra SUAS de Juazeiro do Norte ocorrer\u00e1 nesta sexta | Encontra Juazeiro","headline":"1\u00aa edi\u00e7\u00e3o do Celebra SUAS de Juazeiro do Norte ocorrer\u00e1 nesta sexta","author":{"@id":"https:\/\/www.encontrajuazeiro.com.br\/sobre\/author\/ejuazeiro\/#author"},"publisher":{"@id":"https:\/\/www.encontrajuazeiro.com.br\/sobre\/#organization"},"image":{"@type":"ImageObject","url":"https:\/\/www.encontrajuazeiro.com.br\/sobre\/wp-content\/uploads\/2025\/12\/1-edicao-do-celebra-suas-de-juazeiro-do-norte-ocorrera-nesta-sexta.webp","width":320,"height":280,"caption":"Celebra SUAS Juazeiro do Norte"},"datePublished":"2025-12-27T11:48:00-03:00","dateModified":"2025-12-27T11:48:00-03:00","inLanguage":"pt-BR","mainEntityOfPage":{"@id":"https:\/\/www.encontrajuazeiro.com.br\/sobre\/1a-edicao-do-celebra-suas-de-juazeiro-do-norte-ocorrera-nesta-sexta\/#webpage"},"isPartOf":{"@id":"https:\/\/www.encontrajuazeiro.com.br\/sobre\/1a-edicao-do-celebra-suas-de-juazeiro-do-norte-ocorrera-nesta-sexta\/#webpage"},"articleSection":"Not\u00edcias Juazeiro"},{"@type":"BreadcrumbList","@id":"https:\/\/www.encontrajuazeiro.com.br\/sobre\/1a-edicao-do-celebra-suas-de-juazeiro-do-norte-ocorrera-nesta-sexta\/#breadcrumblist","itemListElement":[{"@type":"ListItem","@id":"https:\/\/www.encontrajuazeiro.com.br\/sobre#listItem","position":1,"name":"Home","item":"https:\/\/www.encontrajuazeiro.com.br\/sobre","nextItem":{"@type":"ListItem","@id":"https:\/\/www.encontrajuazeiro.com.br\/sobre\/noticias-em-juazeiro\/#listItem","name":"Not\u00edcias Juazeiro"}},{"@type":"ListItem","@id":"https:\/\/www.encontrajuazeiro.com.br\/sobre\/noticias-em-juazeiro\/#listItem","position":2,"name":"Not\u00edcias Juazeiro","item":"https:\/\/www.encontrajuazeiro.com.br\/sobre\/noticias-em-juazeiro\/","nextItem":{"@type":"ListItem","@id":"https:\/\/www.encontrajuazeiro.com.br\/sobre\/1a-edicao-do-celebra-suas-de-juazeiro-do-norte-ocorrera-nesta-sexta\/#listItem","name":"1\u00aa edi\u00e7\u00e3o do Celebra SUAS de Juazeiro do Norte ocorrer\u00e1 nesta sexta"},"previousItem":{"@type":"ListItem","@id":"https:\/\/www.encontrajuazeiro.com.br\/sobre#listItem","name":"Home"}},{"@type":"ListItem","@id":"https:\/\/www.encontrajuazeiro.com.br\/sobre\/1a-edicao-do-celebra-suas-de-juazeiro-do-norte-ocorrera-nesta-sexta\/#listItem","position":3,"name":"1\u00aa edi\u00e7\u00e3o do Celebra SUAS de Juazeiro do Norte ocorrer\u00e1 nesta sexta","previousItem":{"@type":"ListItem","@id":"https:\/\/www.encontrajuazeiro.com.br\/sobre\/noticias-em-juazeiro\/#listItem","name":"Not\u00edcias Juazeiro"}}]},{"@type":"Organization","@id":"https:\/\/www.encontrajuazeiro.com.br\/sobre\/#organization","name":"Encontra Juazeiro","description":"Not\u00edcias, eventos, informa\u00e7\u00f5es e dicas na cidade Juazeiro e regi\u00e3o.","url":"https:\/\/www.encontrajuazeiro.com.br\/sobre\/"},{"@type":"Person","@id":"https:\/\/www.encontrajuazeiro.com.br\/sobre\/author\/ejuazeiro\/#author","url":"https:\/\/www.encontrajuazeiro.com.br\/sobre\/author\/ejuazeiro\/","name":"Encontra Juazeiro","image":{"@type":"ImageObject","@id":"https:\/\/www.encontrajuazeiro.com.br\/sobre\/1a-edicao-do-celebra-suas-de-juazeiro-do-norte-ocorrera-nesta-sexta\/#authorImage","url":"https:\/\/secure.gravatar.com\/avatar\/507340682b8270222e1f208e23198b6ae7e2c6a1033ae84e99bc6bce4f82a387?s=96&d=mm&r=g","width":96,"height":96,"caption":"Encontra Juazeiro"}},{"@type":"WebPage","@id":"https:\/\/www.encontrajuazeiro.com.br\/sobre\/1a-edicao-do-celebra-suas-de-juazeiro-do-norte-ocorrera-nesta-sexta\/#webpage","url":"https:\/\/www.encontrajuazeiro.com.br\/sobre\/1a-edicao-do-celebra-suas-de-juazeiro-do-norte-ocorrera-nesta-sexta\/","name":"1\u00aa edi\u00e7\u00e3o do Celebra SUAS de Juazeiro do Norte ocorrer\u00e1 nesta sexta | Encontra Juazeiro","description":"Celebra SUAS \u00e9 um evento inovador em Juazeiro do Norte, promovido pela assist\u00eancia social.","inLanguage":"pt-BR","isPartOf":{"@id":"https:\/\/www.encontrajuazeiro.com.br\/sobre\/#website"},"breadcrumb":{"@id":"https:\/\/www.encontrajuazeiro.com.br\/sobre\/1a-edicao-do-celebra-suas-de-juazeiro-do-norte-ocorrera-nesta-sexta\/#breadcrumblist"},"author":{"@id":"https:\/\/www.encontrajuazeiro.com.br\/sobre\/author\/ejuazeiro\/#author"},"creator":{"@id":"https:\/\/www.encontrajuazeiro.com.br\/sobre\/author\/ejuazeiro\/#author"},"image":{"@type":"ImageObject","url":"https:\/\/www.encontrajuazeiro.com.br\/sobre\/wp-content\/uploads\/2025\/12\/1-edicao-do-celebra-suas-de-juazeiro-do-norte-ocorrera-nesta-sexta.webp","@id":"https:\/\/www.encontrajuazeiro.com.br\/sobre\/1a-edicao-do-celebra-suas-de-juazeiro-do-norte-ocorrera-nesta-sexta\/#mainImage","width":320,"height":280,"caption":"Celebra SUAS Juazeiro do Norte"},"primaryImageOfPage":{"@id":"https:\/\/www.encontrajuazeiro.com.br\/sobre\/1a-edicao-do-celebra-suas-de-juazeiro-do-norte-ocorrera-nesta-sexta\/#mainImage"},"datePublished":"2025-12-27T11:48:00-03:00","dateModified":"2025-12-27T11:48:00-03:00"},{"@type":"WebSite","@id":"https:\/\/www.encontrajuazeiro.com.br\/sobre\/#website","url":"https:\/\/www.encontrajuazeiro.com.br\/sobre\/","name":"Encontra Juazeiro","description":"Not\u00edcias, eventos, informa\u00e7\u00f5es e dicas na cidade Juazeiro e regi\u00e3o.","inLanguage":"pt-BR","publisher":{"@id":"https:\/\/www.encontrajuazeiro.com.br\/sobre\/#organization"}}]},"og:locale":"pt_BR","og:site_name":"Encontra Juazeiro | Not\u00edcias, eventos, informa\u00e7\u00f5es e dicas na cidade Juazeiro e regi\u00e3o.","og:type":"article","og:title":"1\u00aa edi\u00e7\u00e3o do Celebra SUAS de Juazeiro do Norte ocorrer\u00e1 nesta sexta | Encontra Juazeiro","og:description":"Celebra SUAS \u00e9 um evento inovador em Juazeiro do Norte, promovido pela assist\u00eancia social.","og:url":"https:\/\/www.encontrajuazeiro.com.br\/sobre\/1a-edicao-do-celebra-suas-de-juazeiro-do-norte-ocorrera-nesta-sexta\/","article:published_time":"2025-12-27T14:48:00+00:00","article:modified_time":"2025-12-27T14:48:00+00:00","twitter:card":"summary_large_image","twitter:title":"1\u00aa edi\u00e7\u00e3o do Celebra SUAS de Juazeiro do Norte ocorrer\u00e1 nesta sexta | Encontra Juazeiro","twitter:description":"Celebra SUAS \u00e9 um evento inovador em Juazeiro do Norte, promovido pela assist\u00eancia social."},"aioseo_meta_data":{"post_id":"536","title":null,"description":null,"keywords":null,"keyphrases":null,"primary_term":null,"canonical_url":null,"og_title":null,"og_description":null,"og_object_type":"default","og_image_type":"default","og_image_url":null,"og_image_width":null,"og_image_height":null,"og_image_custom_url":null,"og_image_custom_fields":null,"og_video":null,"og_custom_url":null,"og_article_section":null,"og_article_tags":null,"twitter_use_og":false,"twitter_card":"default","twitter_image_type":"default","twitter_image_url":null,"twitter_image_custom_url":null,"twitter_image_custom_fields":null,"twitter_title":null,"twitter_description":null,"schema":{"blockGraphs":[],"customGraphs":[],"default":{"data":{"Article":[],"Course":[],"Dataset":[],"FAQPage":[],"Movie":[],"Person":[],"Product":[],"ProductReview":[],"Car":[],"Recipe":[],"Service":[],"SoftwareApplication":[],"WebPage":[]},"graphName":"Article","isEnabled":true},"graphs":[]},"schema_type":"default","schema_type_options":null,"pillar_content":false,"robots_default":true,"robots_noindex":false,"robots_noarchive":false,"robots_nosnippet":false,"robots_nofollow":false,"robots_noimageindex":false,"robots_noodp":false,"robots_notranslate":false,"robots_max_snippet":null,"robots_max_videopreview":null,"robots_max_imagepreview":"large","priority":null,"frequency":null,"local_seo":null,"breadcrumb_settings":null,"limit_modified_date":false,"ai":null,"created":"2025-12-27 15:33:07","updated":"2025-12-27 15:51:56","focus_keyword":null,"additional_keywords":null,"truseo_locale":null,"seo_analyzer_scan_date":null},"aioseo_breadcrumb":"<div class=\"aioseo-breadcrumbs\"><span class=\"aioseo-breadcrumb\">\n\t\t\t<a href=\"https:\/\/www.encontrajuazeiro.com.br\/sobre\" title=\"Home\">Home<\/a>\n\t\t<\/span><span class=\"aioseo-breadcrumb-separator\">&raquo;<\/span><span class=\"aioseo-breadcrumb\">\n\t\t\t<a href=\"https:\/\/www.encontrajuazeiro.com.br\/sobre\/noticias-em-juazeiro\/\" title=\"Not\u00edcias Juazeiro\">Not\u00edcias Juazeiro<\/a>\n\t\t<\/span><span class=\"aioseo-breadcrumb-separator\">&raquo;<\/span><span class=\"aioseo-breadcrumb\">\n\t\t\t1\u00aa edi\u00e7\u00e3o do Celebra SUAS de Juazeiro do Norte ocorrer\u00e1 nesta sexta\n\t\t<\/span><\/div>","aioseo_breadcrumb_json":[{"label":"Home","link":"https:\/\/www.encontrajuazeiro.com.br\/sobre"},{"label":"Not\u00edcias Juazeiro","link":"https:\/\/www.encontrajuazeiro.com.br\/sobre\/noticias-em-juazeiro\/"},{"label":"1\u00aa edi\u00e7\u00e3o do Celebra SUAS de Juazeiro do Norte ocorrer\u00e1 nesta sexta","link":"https:\/\/www.encontrajuazeiro.com.br\/sobre\/1a-edicao-do-celebra-suas-de-juazeiro-do-norte-ocorrera-nesta-sexta\/"}],"_links":{"self":[{"href":"https:\/\/www.encontrajuazeiro.com.br\/sobre\/wp-json\/wp\/v2\/posts\/536","targetHints":{"allow":["GET"]}}],"collection":[{"href":"https:\/\/www.encontrajuazeiro.com.br\/sobre\/wp-json\/wp\/v2\/posts"}],"about":[{"href":"https:\/\/www.encontrajuazeiro.com.br\/sobre\/wp-json\/wp\/v2\/types\/post"}],"author":[{"embeddable":true,"href":"https:\/\/www.encontrajuazeiro.com.br\/sobre\/wp-json\/wp\/v2\/users\/1"}],"replies":[{"embeddable":true,"href":"https:\/\/www.encontrajuazeiro.com.br\/sobre\/wp-json\/wp\/v2\/comments?post=536"}],"version-history":[{"count":0,"href":"https:\/\/www.encontrajuazeiro.com.br\/sobre\/wp-json\/wp\/v2\/posts\/536\/revisions"}],"wp:featuredmedia":[{"embeddable":true,"href":"https:\/\/www.encontrajuazeiro.com.br\/sobre\/wp-json\/wp\/v2\/media\/535"}],"wp:attachment":[{"href":"https:\/\/www.encontrajuazeiro.com.br\/sobre\/wp-json\/wp\/v2\/media?parent=536"}],"wp:term":[{"taxonomy":"category","embeddable":true,"href":"https:\/\/www.encontrajuazeiro.com.br\/sobre\/wp-json\/wp\/v2\/categories?post=536"},{"taxonomy":"post_tag","embeddable":true,"href":"https:\/\/www.encontrajuazeiro.com.br\/sobre\/wp-json\/wp\/v2\/tags?post=536"}],"curies":[{"name":"wp","href":"https:\/\/api.w.org\/{rel}","templated":true}]}}