{"id":387,"date":"2025-11-19T09:06:00","date_gmt":"2025-11-19T12:06:00","guid":{"rendered":"https:\/\/www.encontrajuazeiro.com.br\/sobre\/sala-do-empreendedor-passa-a-funcionar-no-centro-administrativo-municipal\/"},"modified":"2025-11-19T09:06:00","modified_gmt":"2025-11-19T12:06:00","slug":"sala-do-empreendedor-passa-a-funcionar-no-centro-administrativo-municipal","status":"publish","type":"post","link":"https:\/\/www.encontrajuazeiro.com.br\/sobre\/sala-do-empreendedor-passa-a-funcionar-no-centro-administrativo-municipal\/","title":{"rendered":"Sala do Empreendedor passa a funcionar no Centro Administrativo Municipal"},"content":{"rendered":"<div class=\"ab2b9bee5e9d616051dbae42a1c75083\" data-index=\"1\" style=\"float: none; margin:0px;\">\n<!-- Anuncio display - global -->\r\n<ins class=\"adsbygoogle\"\r\n     style=\"display:block\"\r\n     data-ad-client=\"ca-pub-8585364105181520\"\r\n     data-ad-slot=\"8789329856\"\r\n     data-ad-format=\"auto\"\r\n     data-full-width-responsive=\"true\"><\/ins>\r\n<script>\r\n     (adsbygoogle = window.adsbygoogle || []).push({});\r\n<\/script>\n<\/div>\n<h2>O que \u00e9 a Sala do Empreendedor?<\/h2>\n<p>A Sala do Empreendedor \u00e9 um espa\u00e7o criado pela <strong>Prefeitura Municipal de Juazeiro do Norte<\/strong> para apoiar e facilitar a vida de empreendedores e potenciais empres\u00e1rios que desejam iniciar ou expandir seus neg\u00f3cios na regi\u00e3o. Este espa\u00e7o serve como um ponto de encontro para a presta\u00e7\u00e3o de servi\u00e7os e informa\u00e7\u00f5es essenciais, sendo um elo entre os empreendedores e as ferramentas necess\u00e1rias para o desenvolvimento de suas atividades comerciais.<\/p>\n<p>O principal objetivo da Sala do Empreendedor \u00e9 oferecer um atendimento de qualidade, auxiliando os cidad\u00e3os que buscam formalizar seus neg\u00f3cios, obter financiamentos, realizar capacita\u00e7\u00f5es e acessar diversos programas de apoio ao empreendedorismo. Este local torna-se, ent\u00e3o, um centro de refer\u00eancia e suporte, proporcionando ao empreendedor o conhecimento e as condi\u00e7\u00f5es necess\u00e1rias para prosperar em um ambiente econ\u00f4mico que, frequentemente, pode ser desafiador.<\/p>\n<h2>Por que a mudan\u00e7a de endere\u00e7o?<\/h2>\n<p>A mudan\u00e7a de endere\u00e7o da Sala do Empreendedor para o <strong>Centro Administrativo Municipal<\/strong> simboliza um esfor\u00e7o cont\u00ednuo da gest\u00e3o municipal em melhorar a acessibilidade e a efici\u00eancia dos servi\u00e7os oferecidos. Situado na Rua Interventor Francisco Erivano Cruz, 120, este novo local permite maior intera\u00e7\u00e3o com outros \u00f3rg\u00e3os administrativos e facilita o acesso dos cidad\u00e3os aos servi\u00e7os de interesse p\u00fablico.<\/p>\n<p><img decoding=\"async\" src=\"http:\/\/www.encontrajuazeiro.com.br\/sobre\/wp-content\/uploads\/2025\/11\/sala-do-empreendedor-passa-a-funcionar-no-centro-administrativo-municipal.webp\" alt=\"Sala do Empreendedor\" loading=\"lazy\" \/><\/p>\n<p>Al\u00e9m disso, o novo endere\u00e7o centraliza os servi\u00e7os em um mesmo espa\u00e7o, tornando mais f\u00e1cil para os empreendedores encontrarem informa\u00e7\u00f5es e assist\u00eancia sem a necessidade de deslocamentos excessivos entre diferentes locais. Essa proximidade n\u00e3o apenas diminui o tempo e o custo para os usu\u00e1rios, mas tamb\u00e9m aprimora a colabora\u00e7\u00e3o entre as diversas secretarias envolvidas no apoio e desenvolvimento econ\u00f4mico do munic\u00edpio.<\/p>\n<h2>Servi\u00e7os oferecidos na nova localiza\u00e7\u00e3o<\/h2>\n<p>A Sala do Empreendedor oferece uma gama variada de servi\u00e7os que visam apoiar tanto os novos empreendedores quanto os estabelecidos. Dentre os principais servi\u00e7os est\u00e3o:<\/p>\n<ul>\n<li><strong>Formaliza\u00e7\u00e3o de Empresas:<\/strong> Aux\u00edlio na abertura de MEI (Microempreendedor Individual) e microempresas, simplificando a burocracia necess\u00e1ria.<\/li>\n<li><strong>Consultoria e Orienta\u00e7\u00e3o:<\/strong> Acesso a profissionais capacitados para prestar consultoria em diversas \u00e1reas, como planejamento de neg\u00f3cios e gest\u00e3o financeira.<\/li>\n<li><strong>Capacita\u00e7\u00f5es:<\/strong> Oferecimento de cursos e treinamentos voltados para o desenvolvimento de habilidades empreendedoras e aprimoramento profissional.<\/li>\n<li><strong>Acesso a Cr\u00e9dito:<\/strong> Informa\u00e7\u00f5es sobre linhas de cr\u00e9dito dispon\u00edveis e como acess\u00e1-las, al\u00e9m de parcerias com institui\u00e7\u00f5es financeiras.<\/li>\n<li><strong>Networking:<\/strong> Oportunidades para os empreendedores interagirem com outros empres\u00e1rios e formarem parcerias estrat\u00e9gicas.<\/li>\n<\/ul>\n<p>Com esses servi\u00e7os, a Sala do Empreendedor tem como inten\u00e7\u00e3o fomentar um ambiente prop\u00edcio ao crescimento e \u00e0 inova\u00e7\u00e3o, ajudando a fortalecer o com\u00e9rcio local.<\/p>\n<h2>Hor\u00e1rios de atendimento da Sala do Empreendedor<\/h2>\n<p>A Sala do Empreendedor atende o p\u00fablico de segunda a sexta-feira, das 8h \u00e0s 12h e das 14h \u00e0s 17h. Esse hor\u00e1rio foi estabelecido para proporcionar maior comodidade aos empreendedores, permitindo que eles acessem os servi\u00e7os durante o dia, conforme sua disponibilidade. Essa flexibilidade \u00e9 especialmente importante para aqueles que j\u00e1 est\u00e3o em atividade e que, frequentemente, precisam conciliar hor\u00e1rios de atendimento com suas rotinas empresariais.<\/p>\n<p>Al\u00e9m disso, a gest\u00e3o da Prefeitura incentiva a utiliza\u00e7\u00e3o desse espa\u00e7o atrav\u00e9s de agendamentos para consultorias espec\u00edficas, ajudando a evitar filas e oferecendo um atendimento ainda mais personalizado. Os empreendedores interessados poder\u00e3o, assim, programar sua visita conforme a agenda e as necessidades do neg\u00f3cio.<\/p>\n<h2>Benef\u00edcios para os empreendedores locais<\/h2>\n<p>A cria\u00e7\u00e3o e a manuten\u00e7\u00e3o da Sala do Empreendedor trazem diversos benef\u00edcios diretos aos empreendedores locais:<\/p>\n<ul>\n<li><strong>Desburocratiza\u00e7\u00e3o:<\/strong> Processo simplificado para a formaliza\u00e7\u00e3o de neg\u00f3cios, reduzindo a carga burocr\u00e1tica que frequentemente desestimula novos empres\u00e1rios.<\/li>\n<li><strong>Apoio ao Empreendedorismo:<\/strong> Disponibilidade de recursos e informa\u00e7\u00f5es que ajudam na tomada de decis\u00e3o e no planejamento estrat\u00e9gico dos neg\u00f3cios.<\/li>\n<li><strong>Fomento \u00e0 Inova\u00e7\u00e3o:<\/strong> Promove a troca de ideias e experi\u00eancias entre empreendedores, estimulando a inova\u00e7\u00e3o e a criatividade.<\/li>\n<li><strong>Aumento da Competitividade:<\/strong> Com acesso a capacita\u00e7\u00f5es e consultoria, os empreendedores t\u00eam a oportunidade de aprimorar suas habilidades, tornando-se mais competitivos no mercado.<\/li>\n<li><strong>Desenvolvimento Econ\u00f4mico Local:<\/strong> O fortalecimento de pequenos neg\u00f3cios impacta positivamente a economia local, gerando emprego e renda para a comunidade.<\/li>\n<\/ul>\n<p>Essas iniciativas s\u00e3o vitais para cultivar um ecossistema empresarial saud\u00e1vel e din\u00e2mico, onde os empreendedores podem prosperar e contribuir para o crescimento socioecon\u00f4mico de Juazeiro do Norte.<\/p>\n<h2>Como a sala contribui para o desenvolvimento econ\u00f4mico<\/h2>\n<p>A Sala do Empreendedor desempenha um papel fundamental no desenvolvimento econ\u00f4mico de Juazeiro do Norte. Ela atua como um catalisador para a formaliza\u00e7\u00e3o de empresas, incentivando a economia local atrav\u00e9s do apoio a iniciativas empreendedoras. Com um ambiente econ\u00f4mico que promove o empreendedorismo, observa-se:<\/p>\n<ul>\n<li><strong>Gera\u00e7\u00e3o de Emprego:<\/strong> Com um aumento no n\u00famero de empresas formais, surgem novas vagas de emprego, contribuindo para a redu\u00e7\u00e3o do desemprego na regi\u00e3o.<\/li>\n<li><strong>Estimulo ao Com\u00e9rcio Local:<\/strong> Empreendedores que come\u00e7am e expandem seus neg\u00f3cios tendem a comprar insumos e servi\u00e7os localmente, injetando recursos na economia regional.<\/li>\n<li><strong>Atra\u00e7\u00e3o de Investimentos:<\/strong> Um ambiente de neg\u00f3cios saud\u00e1vel e ativo \u00e9 mais propenso a atrair investiga\u00e7\u00f5es externas, tanto em termos de capital quanto em parcerias, fortalecendo ainda mais a economia local.<\/li>\n<li><strong>Capacita\u00e7\u00e3o de M\u00e3o de Obra:<\/strong> As capacita\u00e7\u00f5es oferecidas promovem a forma\u00e7\u00e3o de um capital humano qualificado, aumentando a empregabilidade dos cidad\u00e3os e trazendo mais excel\u00eancia ao mercado local.<\/li>\n<\/ul>\n<p>Essas din\u00e2micas criadas pela Sala do Empreendedor n\u00e3o apenas geram resultados imediatos, mas tamb\u00e9m contribuem para a sustentabilidade econ\u00f4mica futura de Juazeiro do Norte.<\/p>\n<h2>Hist\u00f3rico da Sala do Empreendedor em Juazeiro do Norte<\/h2>\n<p>A Sala do Empreendedor foi criada com a vis\u00e3o de transformar Juazeiro do Norte em um polo de empreendedorismo e inova\u00e7\u00e3o. Desde sua inaugura\u00e7\u00e3o, o espa\u00e7o tem evolu\u00eddo, buscando sempre melhorar seu atendimento e expandir seus servi\u00e7os. Inicialmente localizada em endere\u00e7o alternativo, a Sala passou por diversas adequa\u00e7\u00f5es e melhorias de infraestrutura para atender de modo mais eficiente aos cidad\u00e3os.<\/p>\n<p>Com o tempo, diversas parcerias com institui\u00e7\u00f5es financeiras, educacionais e de desenvolvimento econ\u00f4mico foram estabelecidas, aumentando o portf\u00f3lio de servi\u00e7os dispon\u00edveis aos empreendedores. Ao longo de sua trajet\u00f3ria, a Sala do Empreendedor se consolidou como um verdadeiro hub de inova\u00e7\u00e3o, onde novas ideias florescem e muitos come\u00e7am suas jornadas de sucesso. Esse ambiente prop\u00edcio ao empreendedorismo \u00e9 resultado de um esfor\u00e7o conjunto entre a Prefeitura e a comunidade, evidenciando que o apoio m\u00fatuo \u00e9 essencial para o sucesso de qualquer iniciativa.<\/p>\n<h2>Depoimentos de empreendedores que j\u00e1 utilizaram o servi\u00e7o<\/h2>\n<p>V\u00e1rios empreendedores da regi\u00e3o compartilharam suas experi\u00eancias positivas ao utilizar os servi\u00e7os da Sala do Empreendedor. Um depoimento impactante \u00e9 o de <strong>Juliana Pereira<\/strong>, propriet\u00e1ria de uma cafeteria local. Ela menciona: &#8220;Ap\u00f3s visitar a Sala do Empreendedor, consegui entender melhor sobre o processo de formaliza\u00e7\u00e3o da minha empresa e recebi orienta\u00e7\u00f5es valiosas sobre como gerenciar meu neg\u00f3cio. Gra\u00e7as ao suporte, pude dar o grande passo de abrir meu pr\u00f3prio estabelecimento, algo que sempre foi meu sonho.&#8221;<\/p>\n<p>Outro relato \u00e9 de <strong>Andr\u00e9 Silva<\/strong>, que lan\u00e7ou uma startup de tecnologia. Ele diz: &#8220;A Sala do Empreendedor foi crucial na minha jornada. O acesso a consultores e a informa\u00e7\u00f5es sobre linhas de cr\u00e9dito dispon\u00edveis me ajudou a ter mais seguran\u00e7a em meu planejamento. Hoje, minha startup est\u00e1 crescendo e contribui para a inova\u00e7\u00e3o local.&#8221;<\/p>\n<p>Esses depoimentos s\u00e3o apenas alguns dos muitos que refletem o impacto positivo que a Sala do Empreendedor tem na vida dos cidad\u00e3os, provando que o apoio e o conhecimento podem abrir portas para muitos outros projetos e sonhos.<\/p>\n<h2>Como encontrar a Sala do Empreendedor<\/h2>\n<p>A Sala do Empreendedor est\u00e1 localizada no <strong>Centro Administrativo Municipal<\/strong>, na Rua Interventor Francisco Erivano Cruz, 120, em Juazeiro do Norte. Esta localiza\u00e7\u00e3o central torna o acesso ainda mais f\u00e1cil para cidad\u00e3os de diferentes \u00e1reas da cidade. Os empreendedores podem se dirigir \u00e0 Sala sem a necessidade de agendamento pr\u00e9vio, embora a gest\u00e3o incentive que as pessoas marquem hor\u00e1rios para consultas espec\u00edficas, especialmente em per\u00edodos de grande movimento.<\/p>\n<p>Al\u00e9m de visitar pessoalmente, os empreendedores podem encontrar informa\u00e7\u00f5es e orienta\u00e7\u00f5es adicionais atrav\u00e9s do site oficial da Prefeitura Municipal de Juazeiro do Norte. O portal cont\u00e9m um vasto conte\u00fado informativo sobre os servi\u00e7os oferecidos na Sala do Empreendedor e detalhes sobre como utiliz\u00e1-los. Isso demonstra o compromisso da gest\u00e3o em promover um atendimento eficiente e acess\u00edvel, garantindo que todos possam acessar os recursos dispon\u00edveis.<\/p>\n<h2>Import\u00e2ncia da Sala do Empreendedor para a comunidade<\/h2>\n<p>A Sala do Empreendedor \u00e9 mais do que um simples ponto de atendimento; ela \u00e9 um s\u00edmbolo do comprometimento da administra\u00e7\u00e3o municipal com o desenvolvimento local. Sua import\u00e2ncia para a comunidade est\u00e1 alicer\u00e7ada em v\u00e1rios aspectos:<\/p>\n<ul>\n<li><strong>Promo\u00e7\u00e3o da Inclus\u00e3o:<\/strong> Oferece oportunidades para que todos, independentemente de sua origem ou condi\u00e7\u00e3o socioecon\u00f4mica, possam acessar informa\u00e7\u00f5es e servi\u00e7os que potencializam suas chances de sucesso no mundo dos neg\u00f3cios.<\/li>\n<li><strong>Fomento ao Empreendedorismo Local:<\/strong> A Sala serve como um catalisador, estimulando o surgimento de novos neg\u00f3cios e, consequentemente, o crescimento da economia.<\/li>\n<li><strong>Suporte Emocional e Motivacional:<\/strong> Para muitos, come\u00e7ar um neg\u00f3cio pode ser uma tarefa intimidadora. O simples ato de ter um espa\u00e7o dedicado ao empreendedorismo proporciona um senso de pertencimento e apoio, essencial para o sucesso.<\/li>\n<li><strong>Educa\u00e7\u00e3o Continuada:<\/strong> Oferece capacita\u00e7\u00f5es que aumentam o conhecimento dos empreendedores, contribuindo para a forma\u00e7\u00e3o de uma comunidade mais informada e preparada.<\/li>\n<li><strong>Contribui\u00e7\u00e3o para a Sustentabilidade:<\/strong> Atrav\u00e9s do desenvolvimento de neg\u00f3cios locais, a Sala fortalece a economia, promovendo um ciclo de prosperidade que beneficia toda a comunidade.<\/li>\n<\/ul>\n<p>A Sala do Empreendedor \u00e9, assim, uma pe\u00e7a fundamental no quebra-cabe\u00e7a do desenvolvimento econ\u00f4mico de Juazeiro do Norte. Sua exist\u00eancia e funcionamento exemplificam um compromisso com a melhoria cont\u00ednua e a valoriza\u00e7\u00e3o do empreendedorismo local, mostrando que, com o suporte certo, \u00e9 poss\u00edvel transformar ideias em realidades.<\/p>\n\n<div style=\"font-size: 0px; height: 0px; line-height: 0px; margin: 0; padding: 0; clear: both;\"><\/div>","protected":false},"excerpt":{"rendered":"<p>Sala do Empreendedor agora est\u00e1 no Centro Administrativo Municipal.<\/p>\n","protected":false},"author":1,"featured_media":386,"comment_status":"open","ping_status":"closed","sticky":false,"template":"","format":"standard","meta":{"footnotes":""},"categories":[5],"tags":[],"class_list":["post-387","post","type-post","status-publish","format-standard","has-post-thumbnail","hentry","category-noticias-em-juazeiro","has_thumb"],"aioseo_notices":[],"aioseo_head":"\n\t\t<!-- All in One SEO 5.0.0.1 - aioseo.com -->\n\t<meta name=\"description\" content=\"Sala do Empreendedor agora est\u00e1 no Centro Administrativo Municipal.\" \/>\n\t<meta name=\"robots\" content=\"max-image-preview:large\" \/>\n\t<meta name=\"author\" content=\"Encontra Juazeiro\"\/>\n\t<link rel=\"canonical\" href=\"https:\/\/www.encontrajuazeiro.com.br\/sobre\/sala-do-empreendedor-passa-a-funcionar-no-centro-administrativo-municipal\/\" \/>\n\t<meta name=\"generator\" content=\"All in One SEO (AIOSEO) 5.0.0.1\" \/>\n\t\t<meta property=\"og:locale\" content=\"pt_BR\" \/>\n\t\t<meta property=\"og:site_name\" content=\"Encontra Juazeiro | Not\u00edcias, eventos, informa\u00e7\u00f5es e dicas na cidade Juazeiro e regi\u00e3o.\" \/>\n\t\t<meta property=\"og:type\" content=\"article\" \/>\n\t\t<meta property=\"og:title\" content=\"Sala do Empreendedor passa a funcionar no Centro Administrativo Municipal | Encontra Juazeiro\" \/>\n\t\t<meta property=\"og:description\" content=\"Sala do Empreendedor agora est\u00e1 no Centro Administrativo Municipal.\" \/>\n\t\t<meta property=\"og:url\" content=\"https:\/\/www.encontrajuazeiro.com.br\/sobre\/sala-do-empreendedor-passa-a-funcionar-no-centro-administrativo-municipal\/\" \/>\n\t\t<meta property=\"article:published_time\" content=\"2025-11-19T12:06:00+00:00\" \/>\n\t\t<meta property=\"article:modified_time\" content=\"2025-11-19T12:06:00+00:00\" \/>\n\t\t<meta name=\"twitter:card\" content=\"summary_large_image\" \/>\n\t\t<meta name=\"twitter:title\" content=\"Sala do Empreendedor passa a funcionar no Centro Administrativo Municipal | Encontra Juazeiro\" \/>\n\t\t<meta name=\"twitter:description\" content=\"Sala do Empreendedor agora est\u00e1 no Centro Administrativo Municipal.\" \/>\n\t\t<script type=\"application\/ld+json\" class=\"aioseo-schema\">\n\t\t\t{\"@context\":\"https:\\\/\\\/schema.org\",\"@graph\":[{\"@type\":\"Article\",\"@id\":\"https:\\\/\\\/www.encontrajuazeiro.com.br\\\/sobre\\\/sala-do-empreendedor-passa-a-funcionar-no-centro-administrativo-municipal\\\/#article\",\"name\":\"Sala do Empreendedor passa a funcionar no Centro Administrativo Municipal | Encontra Juazeiro\",\"headline\":\"Sala do Empreendedor passa a funcionar no Centro Administrativo Municipal\",\"author\":{\"@id\":\"https:\\\/\\\/www.encontrajuazeiro.com.br\\\/sobre\\\/author\\\/ejuazeiro\\\/#author\"},\"publisher\":{\"@id\":\"https:\\\/\\\/www.encontrajuazeiro.com.br\\\/sobre\\\/#organization\"},\"image\":{\"@type\":\"ImageObject\",\"url\":\"https:\\\/\\\/www.encontrajuazeiro.com.br\\\/sobre\\\/wp-content\\\/uploads\\\/2025\\\/11\\\/sala-do-empreendedor-passa-a-funcionar-no-centro-administrativo-municipal.webp\",\"width\":320,\"height\":280,\"caption\":\"Sala do Empreendedor\"},\"datePublished\":\"2025-11-19T09:06:00-03:00\",\"dateModified\":\"2025-11-19T09:06:00-03:00\",\"inLanguage\":\"pt-BR\",\"mainEntityOfPage\":{\"@id\":\"https:\\\/\\\/www.encontrajuazeiro.com.br\\\/sobre\\\/sala-do-empreendedor-passa-a-funcionar-no-centro-administrativo-municipal\\\/#webpage\"},\"isPartOf\":{\"@id\":\"https:\\\/\\\/www.encontrajuazeiro.com.br\\\/sobre\\\/sala-do-empreendedor-passa-a-funcionar-no-centro-administrativo-municipal\\\/#webpage\"},\"articleSection\":\"Not\\u00edcias Juazeiro\"},{\"@type\":\"BreadcrumbList\",\"@id\":\"https:\\\/\\\/www.encontrajuazeiro.com.br\\\/sobre\\\/sala-do-empreendedor-passa-a-funcionar-no-centro-administrativo-municipal\\\/#breadcrumblist\",\"itemListElement\":[{\"@type\":\"ListItem\",\"@id\":\"https:\\\/\\\/www.encontrajuazeiro.com.br\\\/sobre#listItem\",\"position\":1,\"name\":\"Home\",\"item\":\"https:\\\/\\\/www.encontrajuazeiro.com.br\\\/sobre\",\"nextItem\":{\"@type\":\"ListItem\",\"@id\":\"https:\\\/\\\/www.encontrajuazeiro.com.br\\\/sobre\\\/noticias-em-juazeiro\\\/#listItem\",\"name\":\"Not\\u00edcias Juazeiro\"}},{\"@type\":\"ListItem\",\"@id\":\"https:\\\/\\\/www.encontrajuazeiro.com.br\\\/sobre\\\/noticias-em-juazeiro\\\/#listItem\",\"position\":2,\"name\":\"Not\\u00edcias Juazeiro\",\"item\":\"https:\\\/\\\/www.encontrajuazeiro.com.br\\\/sobre\\\/noticias-em-juazeiro\\\/\",\"nextItem\":{\"@type\":\"ListItem\",\"@id\":\"https:\\\/\\\/www.encontrajuazeiro.com.br\\\/sobre\\\/sala-do-empreendedor-passa-a-funcionar-no-centro-administrativo-municipal\\\/#listItem\",\"name\":\"Sala do Empreendedor passa a funcionar no Centro Administrativo Municipal\"},\"previousItem\":{\"@type\":\"ListItem\",\"@id\":\"https:\\\/\\\/www.encontrajuazeiro.com.br\\\/sobre#listItem\",\"name\":\"Home\"}},{\"@type\":\"ListItem\",\"@id\":\"https:\\\/\\\/www.encontrajuazeiro.com.br\\\/sobre\\\/sala-do-empreendedor-passa-a-funcionar-no-centro-administrativo-municipal\\\/#listItem\",\"position\":3,\"name\":\"Sala do Empreendedor passa a funcionar no Centro Administrativo Municipal\",\"previousItem\":{\"@type\":\"ListItem\",\"@id\":\"https:\\\/\\\/www.encontrajuazeiro.com.br\\\/sobre\\\/noticias-em-juazeiro\\\/#listItem\",\"name\":\"Not\\u00edcias Juazeiro\"}}]},{\"@type\":\"Organization\",\"@id\":\"https:\\\/\\\/www.encontrajuazeiro.com.br\\\/sobre\\\/#organization\",\"name\":\"Encontra Juazeiro\",\"description\":\"Not\\u00edcias, eventos, informa\\u00e7\\u00f5es e dicas na cidade Juazeiro e regi\\u00e3o.\",\"url\":\"https:\\\/\\\/www.encontrajuazeiro.com.br\\\/sobre\\\/\"},{\"@type\":\"Person\",\"@id\":\"https:\\\/\\\/www.encontrajuazeiro.com.br\\\/sobre\\\/author\\\/ejuazeiro\\\/#author\",\"url\":\"https:\\\/\\\/www.encontrajuazeiro.com.br\\\/sobre\\\/author\\\/ejuazeiro\\\/\",\"name\":\"Encontra Juazeiro\",\"image\":{\"@type\":\"ImageObject\",\"@id\":\"https:\\\/\\\/www.encontrajuazeiro.com.br\\\/sobre\\\/sala-do-empreendedor-passa-a-funcionar-no-centro-administrativo-municipal\\\/#authorImage\",\"url\":\"https:\\\/\\\/secure.gravatar.com\\\/avatar\\\/507340682b8270222e1f208e23198b6ae7e2c6a1033ae84e99bc6bce4f82a387?s=96&d=mm&r=g\",\"width\":96,\"height\":96,\"caption\":\"Encontra Juazeiro\"}},{\"@type\":\"WebPage\",\"@id\":\"https:\\\/\\\/www.encontrajuazeiro.com.br\\\/sobre\\\/sala-do-empreendedor-passa-a-funcionar-no-centro-administrativo-municipal\\\/#webpage\",\"url\":\"https:\\\/\\\/www.encontrajuazeiro.com.br\\\/sobre\\\/sala-do-empreendedor-passa-a-funcionar-no-centro-administrativo-municipal\\\/\",\"name\":\"Sala do Empreendedor passa a funcionar no Centro Administrativo Municipal | Encontra Juazeiro\",\"description\":\"Sala do Empreendedor agora est\\u00e1 no Centro Administrativo Municipal.\",\"inLanguage\":\"pt-BR\",\"isPartOf\":{\"@id\":\"https:\\\/\\\/www.encontrajuazeiro.com.br\\\/sobre\\\/#website\"},\"breadcrumb\":{\"@id\":\"https:\\\/\\\/www.encontrajuazeiro.com.br\\\/sobre\\\/sala-do-empreendedor-passa-a-funcionar-no-centro-administrativo-municipal\\\/#breadcrumblist\"},\"author\":{\"@id\":\"https:\\\/\\\/www.encontrajuazeiro.com.br\\\/sobre\\\/author\\\/ejuazeiro\\\/#author\"},\"creator\":{\"@id\":\"https:\\\/\\\/www.encontrajuazeiro.com.br\\\/sobre\\\/author\\\/ejuazeiro\\\/#author\"},\"image\":{\"@type\":\"ImageObject\",\"url\":\"https:\\\/\\\/www.encontrajuazeiro.com.br\\\/sobre\\\/wp-content\\\/uploads\\\/2025\\\/11\\\/sala-do-empreendedor-passa-a-funcionar-no-centro-administrativo-municipal.webp\",\"@id\":\"https:\\\/\\\/www.encontrajuazeiro.com.br\\\/sobre\\\/sala-do-empreendedor-passa-a-funcionar-no-centro-administrativo-municipal\\\/#mainImage\",\"width\":320,\"height\":280,\"caption\":\"Sala do Empreendedor\"},\"primaryImageOfPage\":{\"@id\":\"https:\\\/\\\/www.encontrajuazeiro.com.br\\\/sobre\\\/sala-do-empreendedor-passa-a-funcionar-no-centro-administrativo-municipal\\\/#mainImage\"},\"datePublished\":\"2025-11-19T09:06:00-03:00\",\"dateModified\":\"2025-11-19T09:06:00-03:00\"},{\"@type\":\"WebSite\",\"@id\":\"https:\\\/\\\/www.encontrajuazeiro.com.br\\\/sobre\\\/#website\",\"url\":\"https:\\\/\\\/www.encontrajuazeiro.com.br\\\/sobre\\\/\",\"name\":\"Encontra Juazeiro\",\"description\":\"Not\\u00edcias, eventos, informa\\u00e7\\u00f5es e dicas na cidade Juazeiro e regi\\u00e3o.\",\"inLanguage\":\"pt-BR\",\"publisher\":{\"@id\":\"https:\\\/\\\/www.encontrajuazeiro.com.br\\\/sobre\\\/#organization\"}}]}\n\t\t<\/script>\n\t\t<!-- All in One SEO -->\n\n","aioseo_head_json":{"title":"Sala do Empreendedor passa a funcionar no Centro Administrativo Municipal | Encontra Juazeiro","description":"Sala do Empreendedor agora est\u00e1 no Centro Administrativo Municipal.","canonical_url":"https:\/\/www.encontrajuazeiro.com.br\/sobre\/sala-do-empreendedor-passa-a-funcionar-no-centro-administrativo-municipal\/","robots":"max-image-preview:large","keywords":"","webmasterTools":{"miscellaneous":""},"schema":{"@context":"https:\/\/schema.org","@graph":[{"@type":"Article","@id":"https:\/\/www.encontrajuazeiro.com.br\/sobre\/sala-do-empreendedor-passa-a-funcionar-no-centro-administrativo-municipal\/#article","name":"Sala do Empreendedor passa a funcionar no Centro Administrativo Municipal | Encontra Juazeiro","headline":"Sala do Empreendedor passa a funcionar no Centro Administrativo Municipal","author":{"@id":"https:\/\/www.encontrajuazeiro.com.br\/sobre\/author\/ejuazeiro\/#author"},"publisher":{"@id":"https:\/\/www.encontrajuazeiro.com.br\/sobre\/#organization"},"image":{"@type":"ImageObject","url":"https:\/\/www.encontrajuazeiro.com.br\/sobre\/wp-content\/uploads\/2025\/11\/sala-do-empreendedor-passa-a-funcionar-no-centro-administrativo-municipal.webp","width":320,"height":280,"caption":"Sala do Empreendedor"},"datePublished":"2025-11-19T09:06:00-03:00","dateModified":"2025-11-19T09:06:00-03:00","inLanguage":"pt-BR","mainEntityOfPage":{"@id":"https:\/\/www.encontrajuazeiro.com.br\/sobre\/sala-do-empreendedor-passa-a-funcionar-no-centro-administrativo-municipal\/#webpage"},"isPartOf":{"@id":"https:\/\/www.encontrajuazeiro.com.br\/sobre\/sala-do-empreendedor-passa-a-funcionar-no-centro-administrativo-municipal\/#webpage"},"articleSection":"Not\u00edcias Juazeiro"},{"@type":"BreadcrumbList","@id":"https:\/\/www.encontrajuazeiro.com.br\/sobre\/sala-do-empreendedor-passa-a-funcionar-no-centro-administrativo-municipal\/#breadcrumblist","itemListElement":[{"@type":"ListItem","@id":"https:\/\/www.encontrajuazeiro.com.br\/sobre#listItem","position":1,"name":"Home","item":"https:\/\/www.encontrajuazeiro.com.br\/sobre","nextItem":{"@type":"ListItem","@id":"https:\/\/www.encontrajuazeiro.com.br\/sobre\/noticias-em-juazeiro\/#listItem","name":"Not\u00edcias Juazeiro"}},{"@type":"ListItem","@id":"https:\/\/www.encontrajuazeiro.com.br\/sobre\/noticias-em-juazeiro\/#listItem","position":2,"name":"Not\u00edcias Juazeiro","item":"https:\/\/www.encontrajuazeiro.com.br\/sobre\/noticias-em-juazeiro\/","nextItem":{"@type":"ListItem","@id":"https:\/\/www.encontrajuazeiro.com.br\/sobre\/sala-do-empreendedor-passa-a-funcionar-no-centro-administrativo-municipal\/#listItem","name":"Sala do Empreendedor passa a funcionar no Centro Administrativo Municipal"},"previousItem":{"@type":"ListItem","@id":"https:\/\/www.encontrajuazeiro.com.br\/sobre#listItem","name":"Home"}},{"@type":"ListItem","@id":"https:\/\/www.encontrajuazeiro.com.br\/sobre\/sala-do-empreendedor-passa-a-funcionar-no-centro-administrativo-municipal\/#listItem","position":3,"name":"Sala do Empreendedor passa a funcionar no Centro Administrativo Municipal","previousItem":{"@type":"ListItem","@id":"https:\/\/www.encontrajuazeiro.com.br\/sobre\/noticias-em-juazeiro\/#listItem","name":"Not\u00edcias Juazeiro"}}]},{"@type":"Organization","@id":"https:\/\/www.encontrajuazeiro.com.br\/sobre\/#organization","name":"Encontra Juazeiro","description":"Not\u00edcias, eventos, informa\u00e7\u00f5es e dicas na cidade Juazeiro e regi\u00e3o.","url":"https:\/\/www.encontrajuazeiro.com.br\/sobre\/"},{"@type":"Person","@id":"https:\/\/www.encontrajuazeiro.com.br\/sobre\/author\/ejuazeiro\/#author","url":"https:\/\/www.encontrajuazeiro.com.br\/sobre\/author\/ejuazeiro\/","name":"Encontra Juazeiro","image":{"@type":"ImageObject","@id":"https:\/\/www.encontrajuazeiro.com.br\/sobre\/sala-do-empreendedor-passa-a-funcionar-no-centro-administrativo-municipal\/#authorImage","url":"https:\/\/secure.gravatar.com\/avatar\/507340682b8270222e1f208e23198b6ae7e2c6a1033ae84e99bc6bce4f82a387?s=96&d=mm&r=g","width":96,"height":96,"caption":"Encontra Juazeiro"}},{"@type":"WebPage","@id":"https:\/\/www.encontrajuazeiro.com.br\/sobre\/sala-do-empreendedor-passa-a-funcionar-no-centro-administrativo-municipal\/#webpage","url":"https:\/\/www.encontrajuazeiro.com.br\/sobre\/sala-do-empreendedor-passa-a-funcionar-no-centro-administrativo-municipal\/","name":"Sala do Empreendedor passa a funcionar no Centro Administrativo Municipal | Encontra Juazeiro","description":"Sala do Empreendedor agora est\u00e1 no Centro Administrativo Municipal.","inLanguage":"pt-BR","isPartOf":{"@id":"https:\/\/www.encontrajuazeiro.com.br\/sobre\/#website"},"breadcrumb":{"@id":"https:\/\/www.encontrajuazeiro.com.br\/sobre\/sala-do-empreendedor-passa-a-funcionar-no-centro-administrativo-municipal\/#breadcrumblist"},"author":{"@id":"https:\/\/www.encontrajuazeiro.com.br\/sobre\/author\/ejuazeiro\/#author"},"creator":{"@id":"https:\/\/www.encontrajuazeiro.com.br\/sobre\/author\/ejuazeiro\/#author"},"image":{"@type":"ImageObject","url":"https:\/\/www.encontrajuazeiro.com.br\/sobre\/wp-content\/uploads\/2025\/11\/sala-do-empreendedor-passa-a-funcionar-no-centro-administrativo-municipal.webp","@id":"https:\/\/www.encontrajuazeiro.com.br\/sobre\/sala-do-empreendedor-passa-a-funcionar-no-centro-administrativo-municipal\/#mainImage","width":320,"height":280,"caption":"Sala do Empreendedor"},"primaryImageOfPage":{"@id":"https:\/\/www.encontrajuazeiro.com.br\/sobre\/sala-do-empreendedor-passa-a-funcionar-no-centro-administrativo-municipal\/#mainImage"},"datePublished":"2025-11-19T09:06:00-03:00","dateModified":"2025-11-19T09:06:00-03:00"},{"@type":"WebSite","@id":"https:\/\/www.encontrajuazeiro.com.br\/sobre\/#website","url":"https:\/\/www.encontrajuazeiro.com.br\/sobre\/","name":"Encontra Juazeiro","description":"Not\u00edcias, eventos, informa\u00e7\u00f5es e dicas na cidade Juazeiro e regi\u00e3o.","inLanguage":"pt-BR","publisher":{"@id":"https:\/\/www.encontrajuazeiro.com.br\/sobre\/#organization"}}]},"og:locale":"pt_BR","og:site_name":"Encontra Juazeiro | Not\u00edcias, eventos, informa\u00e7\u00f5es e dicas na cidade Juazeiro e regi\u00e3o.","og:type":"article","og:title":"Sala do Empreendedor passa a funcionar no Centro Administrativo Municipal | Encontra Juazeiro","og:description":"Sala do Empreendedor agora est\u00e1 no Centro Administrativo Municipal.","og:url":"https:\/\/www.encontrajuazeiro.com.br\/sobre\/sala-do-empreendedor-passa-a-funcionar-no-centro-administrativo-municipal\/","article:published_time":"2025-11-19T12:06:00+00:00","article:modified_time":"2025-11-19T12:06:00+00:00","twitter:card":"summary_large_image","twitter:title":"Sala do Empreendedor passa a funcionar no Centro Administrativo Municipal | Encontra Juazeiro","twitter:description":"Sala do Empreendedor agora est\u00e1 no Centro Administrativo Municipal."},"aioseo_meta_data":{"post_id":"387","title":null,"description":null,"keywords":null,"keyphrases":null,"primary_term":null,"canonical_url":null,"og_title":null,"og_description":null,"og_object_type":"default","og_image_type":"default","og_image_url":null,"og_image_width":null,"og_image_height":null,"og_image_custom_url":null,"og_image_custom_fields":null,"og_video":null,"og_custom_url":null,"og_article_section":null,"og_article_tags":null,"twitter_use_og":false,"twitter_card":"default","twitter_image_type":"default","twitter_image_url":null,"twitter_image_custom_url":null,"twitter_image_custom_fields":null,"twitter_title":null,"twitter_description":null,"schema":{"blockGraphs":[],"customGraphs":[],"default":{"data":{"Article":[],"Course":[],"Dataset":[],"FAQPage":[],"Movie":[],"Person":[],"Product":[],"ProductReview":[],"Car":[],"Recipe":[],"Service":[],"SoftwareApplication":[],"WebPage":[]},"graphName":"Article","isEnabled":true},"graphs":[]},"schema_type":"default","schema_type_options":null,"pillar_content":false,"robots_default":true,"robots_noindex":false,"robots_noarchive":false,"robots_nosnippet":false,"robots_nofollow":false,"robots_noimageindex":false,"robots_noodp":false,"robots_notranslate":false,"robots_max_snippet":null,"robots_max_videopreview":null,"robots_max_imagepreview":"large","priority":null,"frequency":null,"local_seo":null,"breadcrumb_settings":null,"limit_modified_date":false,"ai":null,"created":"2025-11-21 11:30:50","updated":"2025-11-21 11:32:28","focus_keyword":null,"additional_keywords":null,"truseo_locale":null,"seo_analyzer_scan_date":null},"aioseo_breadcrumb":"<div class=\"aioseo-breadcrumbs\"><span class=\"aioseo-breadcrumb\">\n\t\t\t<a href=\"https:\/\/www.encontrajuazeiro.com.br\/sobre\" title=\"Home\">Home<\/a>\n\t\t<\/span><span class=\"aioseo-breadcrumb-separator\">&raquo;<\/span><span class=\"aioseo-breadcrumb\">\n\t\t\t<a href=\"https:\/\/www.encontrajuazeiro.com.br\/sobre\/noticias-em-juazeiro\/\" title=\"Not\u00edcias Juazeiro\">Not\u00edcias Juazeiro<\/a>\n\t\t<\/span><span class=\"aioseo-breadcrumb-separator\">&raquo;<\/span><span class=\"aioseo-breadcrumb\">\n\t\t\tSala do Empreendedor passa a funcionar no Centro Administrativo Municipal\n\t\t<\/span><\/div>","aioseo_breadcrumb_json":[{"label":"Home","link":"https:\/\/www.encontrajuazeiro.com.br\/sobre"},{"label":"Not\u00edcias Juazeiro","link":"https:\/\/www.encontrajuazeiro.com.br\/sobre\/noticias-em-juazeiro\/"},{"label":"Sala do Empreendedor passa a funcionar no Centro Administrativo Municipal","link":"https:\/\/www.encontrajuazeiro.com.br\/sobre\/sala-do-empreendedor-passa-a-funcionar-no-centro-administrativo-municipal\/"}],"_links":{"self":[{"href":"https:\/\/www.encontrajuazeiro.com.br\/sobre\/wp-json\/wp\/v2\/posts\/387","targetHints":{"allow":["GET"]}}],"collection":[{"href":"https:\/\/www.encontrajuazeiro.com.br\/sobre\/wp-json\/wp\/v2\/posts"}],"about":[{"href":"https:\/\/www.encontrajuazeiro.com.br\/sobre\/wp-json\/wp\/v2\/types\/post"}],"author":[{"embeddable":true,"href":"https:\/\/www.encontrajuazeiro.com.br\/sobre\/wp-json\/wp\/v2\/users\/1"}],"replies":[{"embeddable":true,"href":"https:\/\/www.encontrajuazeiro.com.br\/sobre\/wp-json\/wp\/v2\/comments?post=387"}],"version-history":[{"count":0,"href":"https:\/\/www.encontrajuazeiro.com.br\/sobre\/wp-json\/wp\/v2\/posts\/387\/revisions"}],"wp:featuredmedia":[{"embeddable":true,"href":"https:\/\/www.encontrajuazeiro.com.br\/sobre\/wp-json\/wp\/v2\/media\/386"}],"wp:attachment":[{"href":"https:\/\/www.encontrajuazeiro.com.br\/sobre\/wp-json\/wp\/v2\/media?parent=387"}],"wp:term":[{"taxonomy":"category","embeddable":true,"href":"https:\/\/www.encontrajuazeiro.com.br\/sobre\/wp-json\/wp\/v2\/categories?post=387"},{"taxonomy":"post_tag","embeddable":true,"href":"https:\/\/www.encontrajuazeiro.com.br\/sobre\/wp-json\/wp\/v2\/tags?post=387"}],"curies":[{"name":"wp","href":"https:\/\/api.w.org\/{rel}","templated":true}]}}