{"id":1818,"date":"2026-09-01T01:12:44","date_gmt":"2026-09-01T04:12:44","guid":{"rendered":"https:\/\/www.encontrajuazeiro.com.br\/sobre\/prefeitura-divulga-programacao-dos-desfiles-civicos-em-juazeiro-do-norte\/"},"modified":"2026-09-01T01:12:44","modified_gmt":"2026-09-01T04:12:44","slug":"prefeitura-divulga-programacao-dos-desfiles-civicos-em-juazeiro-do-norte","status":"publish","type":"post","link":"https:\/\/www.encontrajuazeiro.com.br\/sobre\/prefeitura-divulga-programacao-dos-desfiles-civicos-em-juazeiro-do-norte\/","title":{"rendered":"Prefeitura divulga programa\u00e7\u00e3o dos Desfiles C\u00edvicos em Juazeiro do Norte"},"content":{"rendered":"<div class=\"ab2b9bee5e9d616051dbae42a1c75083\" data-index=\"1\" style=\"float: none; margin:0px;\">\n<!-- Anuncio display - global -->\r\n<ins class=\"adsbygoogle\"\r\n     style=\"display:block\"\r\n     data-ad-client=\"ca-pub-8585364105181520\"\r\n     data-ad-slot=\"8789329856\"\r\n     data-ad-format=\"auto\"\r\n     data-full-width-responsive=\"true\"><\/ins>\r\n<script>\r\n     (adsbygoogle = window.adsbygoogle || []).push({});\r\n<\/script>\n<\/div>\n<h2>O que s\u00e3o os Desfiles C\u00edvicos?<\/h2>\n<p>Os Desfiles C\u00edvicos s\u00e3o eventos comemorativos que visam celebrar a hist\u00f3ria e os valores nacionais, promovendo um forte sentimento de cidadania entre os participantes. Em Juazeiro do Norte, esses desfiles s\u00e3o parte integrante das celebra\u00e7\u00f5es da Semana da P\u00e1tria, que ocorrem anualmente em setembro, envolvendo alunos de diversas institui\u00e7\u00f5es de ensino, al\u00e9m da comunidade local.<\/p>\n<h2>Tem\u00e1tica dos Desfiles em 2026<\/h2>\n<p>Para o ano de 2026, a tem\u00e1tica escolhida para os Desfiles C\u00edvicos \u00e9 &#8220;Pertencer para transformar: caminhos de aprendizagem e cidadania&#8221;. Essa proposta visa estimular a reflex\u00e3o sobre a import\u00e2ncia da educa\u00e7\u00e3o e a participa\u00e7\u00e3o ativa dos estudantes na sociedade. Cada escola \u00e9 incentivada a desenvolver suas apresenta\u00e7\u00f5es com foco nos temas abordados ao longo do ano letivo, evidenciando a relev\u00e2ncia da educa\u00e7\u00e3o para a forma\u00e7\u00e3o de cidad\u00e3os conscientes e engajados.<\/p>\n<h2>Datas e Locais dos Desfiles<\/h2>\n<p>A programa\u00e7\u00e3o dos Desfiles C\u00edvicos para a Semana da P\u00e1tria de 2026 est\u00e1 organizada da seguinte forma:<\/p>\n<p><img decoding=\"async\" src=\"http:\/\/www.encontrajuazeiro.com.br\/sobre\/wp-content\/uploads\/2026\/09\/prefeitura-divulga-programacao-dos-desfiles-civicos-em-juazeiro-do-norte.webp\" alt=\"Desfiles C\u00edvicos em Juazeiro do Norte\" loading=\"lazy\" \/><\/p>\n<ul>\n<li><strong>07\/09\/2026 &#8211; 8H<\/strong><br \/>Concentra\u00e7\u00e3o: 7h &#8211; Mercado Senhora Santana<br \/>Percurso: Rua S\u00e3o Pedro<br \/>Dispers\u00e3o: Rua Santa Luzia<\/li>\n<li><strong>08\/09\/2026 &#8211; 8H<\/strong><br \/>Bairro: Polo I &#8211; Jo\u00e3o Cabral<br \/>Concentra\u00e7\u00e3o: 7h &#8211; Rua Senhor do Bonfim (Pra\u00e7a Adones Callou &#8211; do CC)<br \/>Percurso: Av. N.S. Aparecida<br \/>Dispers\u00e3o: Rua Todos os Santos<\/li>\n<li><strong>09\/09\/2026 &#8211; 8H<\/strong><br \/>Bairro: Polo II &#8211; Frei Dami\u00e3o<br \/>Concentra\u00e7\u00e3o: 7h &#8211; R. Maria de Lourdes Soares<br \/>Percurso: Rua Manoel Tavares Lopes<br \/>Dispers\u00e3o: Em frente \u00e0 EEF M\u00e1rio da Silva Bem<\/li>\n<li><strong>10\/09\/2026 &#8211; 8H<\/strong><br \/>Bairro: Polo III &#8211; Pio XII<br \/>Concentra\u00e7\u00e3o: 7h &#8211; Pra\u00e7a da Concei\u00e7\u00e3o<br \/>Percurso: Rua Frei Ibiapina<br \/>Dispers\u00e3o: Av. Jos\u00e9 Bezerra, em frente \u00e0 Escola Jos\u00e9 Marrocos<\/li>\n<li><strong>11\/09\/2026 &#8211; 8H<\/strong><br \/>Bairro: Polo IV &#8211; Tiradentes<br \/>Concentra\u00e7\u00e3o: 7h &#8211; Rua Ivany Feitosa<br \/>Percurso: Rua Ivany Feitosa<br \/>Dispers\u00e3o: Rua Ivany Feitosa, em frente \u00e0 Escola Manoel de Castro<\/li>\n<li><strong>17\/09\/2026 &#8211; 8H<\/strong><br \/>Bairro: Polo V &#8211; Centro<br \/>Concentra\u00e7\u00e3o: 7h &#8211; Rua XV de Novembro (Pra\u00e7a)<br \/>Percurso: &#8211;<br \/>Dispers\u00e3o: Rua S\u00e3o Francisco \/ Rua S\u00e3o Salvador<\/li>\n<li><strong>18\/09\/2026 &#8211; 8H<\/strong><br \/>Bairro: Polo VI &#8211; S\u00e3o Gon\u00e7alo<br \/>Concentra\u00e7\u00e3o: 7h &#8211; Rua Ronieri Alves Pereira<br \/>Percurso: Rua Ant\u00f4nio Ferreira Gomes<br \/>Dispers\u00e3o: EEF Jos\u00e9 de Ara\u00fajo<\/li>\n<li><strong>20\/09\/2026 &#8211; 8H<\/strong><br \/>Bairro: Polo VII &#8211; Salesianos<br \/>Concentra\u00e7\u00e3o: 7h &#8211; Rua Apolo XI com a Av. Caruaru<br \/>Percurso: Rua Le\u00e3o XIII<br \/>Dispers\u00e3o: Palanque: Le\u00e3o XIII com Rua do Ros\u00e1rio \/ Rua Santa Cec\u00edlia<\/li>\n<\/ul>\n<h2>Participa\u00e7\u00e3o das Escolas<\/h2>\n<p>Os desfiles contam com a participa\u00e7\u00e3o ativa de alunos de escolas municipais, estaduais e privadas da cidade. Durante os eventos, estudantes demonstram sua criatividade e engajamento atrav\u00e9s da apresenta\u00e7\u00e3o de faixas, pelot\u00f5es e outras atividades que refletem o conte\u00fado educacional trabalhado nas aulas. Essa intera\u00e7\u00e3o entre as escolas e a comunidade \u00e9 vital para o fortalecimento do sentimento c\u00edvico entre os jovens.<\/p>\n<h2>Programa\u00e7\u00e3o Especial para a Semana da P\u00e1tria<\/h2>\n<p>Durante o m\u00eas de setembro, as escolas municipais tamb\u00e9m organizam diversas atividades relacionadas aos subtemas da Semana da P\u00e1tria. Essas iniciativas incluem palestras, oficinas e exposi\u00e7\u00f5es que enfocam a hist\u00f3ria da educa\u00e7\u00e3o no Brasil e o papel dos estudantes na forma\u00e7\u00e3o de um futuro melhor para o pa\u00eds. Essa programa\u00e7\u00e3o paralela enriquece ainda mais os eventos dos desfiles, promovendo uma compreens\u00e3o mais profunda entre os alunos sobre sua import\u00e2ncia c\u00edvica.<\/p>\n<h2>A Import\u00e2ncia da Cidadania<\/h2>\n<p>Promover a cidadania entre os estudantes \u00e9 um dos objetivos centrais dos Desfiles C\u00edvicos. Esses eventos oferecem uma oportunidade \u00fanica para que as novas gera\u00e7\u00f5es compreendam sua responsabilidade como cidad\u00e3os e a import\u00e2ncia de contribuir para a sociedade. Aprender sobre seus direitos e deveres, al\u00e9m da hist\u00f3ria do seu pa\u00eds, \u00e9 fundamental para formar cidad\u00e3os conscientes e engajados.<\/p>\n<h2>Como Acompanhar os Desfiles<\/h2>\n<p>Os cidad\u00e3os interessados em acompanhar os Desfiles C\u00edvicos poder\u00e3o fazer isso atrav\u00e9s da divulga\u00e7\u00e3o previamente realizada pela Prefeitura Municipal de Juazeiro do Norte. Informa\u00e7\u00f5es sobre hor\u00e1rios, percursos e outras orienta\u00e7\u00f5es ser\u00e3o disponibilizadas em v\u00e1rios canais de comunica\u00e7\u00e3o, incluindo redes sociais e o site oficial da prefeitura. Isso garante que todos possam participar e prestigiar as apresenta\u00e7\u00f5es dos estudantes.<\/p>\n<h2>Atividades Complementares nas Escolas<\/h2>\n<p>Antes dos desfiles, as escolas ter\u00e3o uma agenda cheia de atividades complementares. As aulas abordar\u00e3o temas relacionados aos desfiles, e os alunos poder\u00e3o participar de projetos que envolvam a cria\u00e7\u00e3o de material para as apresenta\u00e7\u00f5es, como cartazes e coreografias. Essas atividades n\u00e3o s\u00f3 preparam os estudantes para os desfiles, mas tamb\u00e9m os motivam a se engajar em sua forma\u00e7\u00e3o c\u00edvica e social.<\/p>\n<h2>Expectativas para o Evento<\/h2>\n<p>As expectativas para a edi\u00e7\u00e3o de 2026 dos Desfiles C\u00edvicos em Juazeiro do Norte s\u00e3o altas. Com um tema que estimula a reflex\u00e3o sobre a educa\u00e7\u00e3o e a cidadania, espera-se que as escolas se superem em criatividade e emo\u00e7\u00e3o durante suas apresenta\u00e7\u00f5es. Al\u00e9m disso, a participa\u00e7\u00e3o da comunidade ser\u00e1 fundamental para o sucesso dos eventos, criando um ambiente de uni\u00e3o e celebra\u00e7\u00e3o em torno da bandeira nacional.<\/p>\n<h2>Encerramento e Conclus\u00f5es<\/h2>\n<p>Os Desfiles C\u00edvicos da Semana da P\u00e1tria s\u00e3o uma tradi\u00e7\u00e3o importante em Juazeiro do Norte, promovendo n\u00e3o apenas a cultura c\u00edvica, mas tamb\u00e9m a inclus\u00e3o social e a educa\u00e7\u00e3o. As atividades planejadas para 2026 prometem ser uma oportunidade rica para incentivar o desenvolvimento de valores c\u00edvicos entre os jovens, assegurando que as futuras gera\u00e7\u00f5es estejam bem informadas e engajadas na constru\u00e7\u00e3o de um pa\u00eds mais justo e solid\u00e1rio. O envolvimento de toda a comunidade \u00e9 essencial para o florescimento dessas iniciativas, favorecendo o aprendizado e a forma\u00e7\u00e3o de cidad\u00e3os respons\u00e1veis e conscientes.<\/p>\n\n<div style=\"font-size: 0px; height: 0px; line-height: 0px; margin: 0; padding: 0; clear: both;\"><\/div>","protected":false},"excerpt":{"rendered":"<p>Desfiles C\u00edvicos em Juazeiro do Norte, descubra a programa\u00e7\u00e3o completa!<\/p>\n","protected":false},"author":1,"featured_media":1817,"comment_status":"open","ping_status":"closed","sticky":false,"template":"","format":"standard","meta":{"footnotes":""},"categories":[24],"tags":[],"class_list":["post-1818","post","type-post","status-publish","format-standard","has-post-thumbnail","hentry","category-cultura-em-juazeiro","has_thumb"],"aioseo_notices":[],"aioseo_head":"\n\t\t<!-- All in One SEO 5.0.0.1 - aioseo.com -->\n\t<meta name=\"description\" content=\"Desfiles C\u00edvicos em Juazeiro do Norte, descubra a programa\u00e7\u00e3o completa!\" \/>\n\t<meta name=\"robots\" content=\"max-image-preview:large\" \/>\n\t<meta name=\"author\" content=\"Encontra Juazeiro\"\/>\n\t<link rel=\"canonical\" href=\"https:\/\/www.encontrajuazeiro.com.br\/sobre\/prefeitura-divulga-programacao-dos-desfiles-civicos-em-juazeiro-do-norte\/\" \/>\n\t<meta name=\"generator\" content=\"All in One SEO (AIOSEO) 5.0.0.1\" \/>\n\t\t<meta property=\"og:locale\" content=\"pt_BR\" \/>\n\t\t<meta property=\"og:site_name\" content=\"Encontra Juazeiro | Not\u00edcias, eventos, informa\u00e7\u00f5es e dicas na cidade Juazeiro e regi\u00e3o.\" \/>\n\t\t<meta property=\"og:type\" content=\"article\" \/>\n\t\t<meta property=\"og:title\" content=\"Prefeitura divulga programa\u00e7\u00e3o dos Desfiles C\u00edvicos em Juazeiro do Norte | Encontra Juazeiro\" \/>\n\t\t<meta property=\"og:description\" content=\"Desfiles C\u00edvicos em Juazeiro do Norte, descubra a programa\u00e7\u00e3o completa!\" \/>\n\t\t<meta property=\"og:url\" content=\"https:\/\/www.encontrajuazeiro.com.br\/sobre\/prefeitura-divulga-programacao-dos-desfiles-civicos-em-juazeiro-do-norte\/\" \/>\n\t\t<meta property=\"article:published_time\" content=\"2026-09-01T04:12:44+00:00\" \/>\n\t\t<meta property=\"article:modified_time\" content=\"2026-09-01T04:12:44+00:00\" \/>\n\t\t<meta name=\"twitter:card\" content=\"summary_large_image\" \/>\n\t\t<meta name=\"twitter:title\" content=\"Prefeitura divulga programa\u00e7\u00e3o dos Desfiles C\u00edvicos em Juazeiro do Norte | Encontra Juazeiro\" \/>\n\t\t<meta name=\"twitter:description\" content=\"Desfiles C\u00edvicos em Juazeiro do Norte, descubra a programa\u00e7\u00e3o completa!\" \/>\n\t\t<script type=\"application\/ld+json\" class=\"aioseo-schema\">\n\t\t\t{\"@context\":\"https:\\\/\\\/schema.org\",\"@graph\":[{\"@type\":\"Article\",\"@id\":\"https:\\\/\\\/www.encontrajuazeiro.com.br\\\/sobre\\\/prefeitura-divulga-programacao-dos-desfiles-civicos-em-juazeiro-do-norte\\\/#article\",\"name\":\"Prefeitura divulga programa\\u00e7\\u00e3o dos Desfiles C\\u00edvicos em Juazeiro do Norte | Encontra Juazeiro\",\"headline\":\"Prefeitura divulga programa\\u00e7\\u00e3o dos Desfiles C\\u00edvicos em Juazeiro do Norte\",\"author\":{\"@id\":\"https:\\\/\\\/www.encontrajuazeiro.com.br\\\/sobre\\\/author\\\/ejuazeiro\\\/#author\"},\"publisher\":{\"@id\":\"https:\\\/\\\/www.encontrajuazeiro.com.br\\\/sobre\\\/#organization\"},\"image\":{\"@type\":\"ImageObject\",\"url\":\"https:\\\/\\\/www.encontrajuazeiro.com.br\\\/sobre\\\/wp-content\\\/uploads\\\/2026\\\/09\\\/prefeitura-divulga-programacao-dos-desfiles-civicos-em-juazeiro-do-norte.webp\",\"width\":280,\"height\":280,\"caption\":\"Desfiles C\\u00edvicos em Juazeiro do Norte\"},\"datePublished\":\"2026-09-01T01:12:44-03:00\",\"dateModified\":\"2026-09-01T01:12:44-03:00\",\"inLanguage\":\"pt-BR\",\"mainEntityOfPage\":{\"@id\":\"https:\\\/\\\/www.encontrajuazeiro.com.br\\\/sobre\\\/prefeitura-divulga-programacao-dos-desfiles-civicos-em-juazeiro-do-norte\\\/#webpage\"},\"isPartOf\":{\"@id\":\"https:\\\/\\\/www.encontrajuazeiro.com.br\\\/sobre\\\/prefeitura-divulga-programacao-dos-desfiles-civicos-em-juazeiro-do-norte\\\/#webpage\"},\"articleSection\":\"Cultura Juazeiro\"},{\"@type\":\"BreadcrumbList\",\"@id\":\"https:\\\/\\\/www.encontrajuazeiro.com.br\\\/sobre\\\/prefeitura-divulga-programacao-dos-desfiles-civicos-em-juazeiro-do-norte\\\/#breadcrumblist\",\"itemListElement\":[{\"@type\":\"ListItem\",\"@id\":\"https:\\\/\\\/www.encontrajuazeiro.com.br\\\/sobre#listItem\",\"position\":1,\"name\":\"Home\",\"item\":\"https:\\\/\\\/www.encontrajuazeiro.com.br\\\/sobre\",\"nextItem\":{\"@type\":\"ListItem\",\"@id\":\"https:\\\/\\\/www.encontrajuazeiro.com.br\\\/sobre\\\/cultura-em-juazeiro\\\/#listItem\",\"name\":\"Cultura Juazeiro\"}},{\"@type\":\"ListItem\",\"@id\":\"https:\\\/\\\/www.encontrajuazeiro.com.br\\\/sobre\\\/cultura-em-juazeiro\\\/#listItem\",\"position\":2,\"name\":\"Cultura Juazeiro\",\"item\":\"https:\\\/\\\/www.encontrajuazeiro.com.br\\\/sobre\\\/cultura-em-juazeiro\\\/\",\"nextItem\":{\"@type\":\"ListItem\",\"@id\":\"https:\\\/\\\/www.encontrajuazeiro.com.br\\\/sobre\\\/prefeitura-divulga-programacao-dos-desfiles-civicos-em-juazeiro-do-norte\\\/#listItem\",\"name\":\"Prefeitura divulga programa\\u00e7\\u00e3o dos Desfiles C\\u00edvicos em Juazeiro do Norte\"},\"previousItem\":{\"@type\":\"ListItem\",\"@id\":\"https:\\\/\\\/www.encontrajuazeiro.com.br\\\/sobre#listItem\",\"name\":\"Home\"}},{\"@type\":\"ListItem\",\"@id\":\"https:\\\/\\\/www.encontrajuazeiro.com.br\\\/sobre\\\/prefeitura-divulga-programacao-dos-desfiles-civicos-em-juazeiro-do-norte\\\/#listItem\",\"position\":3,\"name\":\"Prefeitura divulga programa\\u00e7\\u00e3o dos Desfiles C\\u00edvicos em Juazeiro do Norte\",\"previousItem\":{\"@type\":\"ListItem\",\"@id\":\"https:\\\/\\\/www.encontrajuazeiro.com.br\\\/sobre\\\/cultura-em-juazeiro\\\/#listItem\",\"name\":\"Cultura Juazeiro\"}}]},{\"@type\":\"Organization\",\"@id\":\"https:\\\/\\\/www.encontrajuazeiro.com.br\\\/sobre\\\/#organization\",\"name\":\"Encontra Juazeiro\",\"description\":\"Not\\u00edcias, eventos, informa\\u00e7\\u00f5es e dicas na cidade Juazeiro e regi\\u00e3o.\",\"url\":\"https:\\\/\\\/www.encontrajuazeiro.com.br\\\/sobre\\\/\"},{\"@type\":\"Person\",\"@id\":\"https:\\\/\\\/www.encontrajuazeiro.com.br\\\/sobre\\\/author\\\/ejuazeiro\\\/#author\",\"url\":\"https:\\\/\\\/www.encontrajuazeiro.com.br\\\/sobre\\\/author\\\/ejuazeiro\\\/\",\"name\":\"Encontra Juazeiro\",\"image\":{\"@type\":\"ImageObject\",\"@id\":\"https:\\\/\\\/www.encontrajuazeiro.com.br\\\/sobre\\\/prefeitura-divulga-programacao-dos-desfiles-civicos-em-juazeiro-do-norte\\\/#authorImage\",\"url\":\"https:\\\/\\\/secure.gravatar.com\\\/avatar\\\/507340682b8270222e1f208e23198b6ae7e2c6a1033ae84e99bc6bce4f82a387?s=96&d=mm&r=g\",\"width\":96,\"height\":96,\"caption\":\"Encontra Juazeiro\"}},{\"@type\":\"WebPage\",\"@id\":\"https:\\\/\\\/www.encontrajuazeiro.com.br\\\/sobre\\\/prefeitura-divulga-programacao-dos-desfiles-civicos-em-juazeiro-do-norte\\\/#webpage\",\"url\":\"https:\\\/\\\/www.encontrajuazeiro.com.br\\\/sobre\\\/prefeitura-divulga-programacao-dos-desfiles-civicos-em-juazeiro-do-norte\\\/\",\"name\":\"Prefeitura divulga programa\\u00e7\\u00e3o dos Desfiles C\\u00edvicos em Juazeiro do Norte | Encontra Juazeiro\",\"description\":\"Desfiles C\\u00edvicos em Juazeiro do Norte, descubra a programa\\u00e7\\u00e3o completa!\",\"inLanguage\":\"pt-BR\",\"isPartOf\":{\"@id\":\"https:\\\/\\\/www.encontrajuazeiro.com.br\\\/sobre\\\/#website\"},\"breadcrumb\":{\"@id\":\"https:\\\/\\\/www.encontrajuazeiro.com.br\\\/sobre\\\/prefeitura-divulga-programacao-dos-desfiles-civicos-em-juazeiro-do-norte\\\/#breadcrumblist\"},\"author\":{\"@id\":\"https:\\\/\\\/www.encontrajuazeiro.com.br\\\/sobre\\\/author\\\/ejuazeiro\\\/#author\"},\"creator\":{\"@id\":\"https:\\\/\\\/www.encontrajuazeiro.com.br\\\/sobre\\\/author\\\/ejuazeiro\\\/#author\"},\"image\":{\"@type\":\"ImageObject\",\"url\":\"https:\\\/\\\/www.encontrajuazeiro.com.br\\\/sobre\\\/wp-content\\\/uploads\\\/2026\\\/09\\\/prefeitura-divulga-programacao-dos-desfiles-civicos-em-juazeiro-do-norte.webp\",\"@id\":\"https:\\\/\\\/www.encontrajuazeiro.com.br\\\/sobre\\\/prefeitura-divulga-programacao-dos-desfiles-civicos-em-juazeiro-do-norte\\\/#mainImage\",\"width\":280,\"height\":280,\"caption\":\"Desfiles C\\u00edvicos em Juazeiro do Norte\"},\"primaryImageOfPage\":{\"@id\":\"https:\\\/\\\/www.encontrajuazeiro.com.br\\\/sobre\\\/prefeitura-divulga-programacao-dos-desfiles-civicos-em-juazeiro-do-norte\\\/#mainImage\"},\"datePublished\":\"2026-09-01T01:12:44-03:00\",\"dateModified\":\"2026-09-01T01:12:44-03:00\"},{\"@type\":\"WebSite\",\"@id\":\"https:\\\/\\\/www.encontrajuazeiro.com.br\\\/sobre\\\/#website\",\"url\":\"https:\\\/\\\/www.encontrajuazeiro.com.br\\\/sobre\\\/\",\"name\":\"Encontra Juazeiro\",\"description\":\"Not\\u00edcias, eventos, informa\\u00e7\\u00f5es e dicas na cidade Juazeiro e regi\\u00e3o.\",\"inLanguage\":\"pt-BR\",\"publisher\":{\"@id\":\"https:\\\/\\\/www.encontrajuazeiro.com.br\\\/sobre\\\/#organization\"}}]}\n\t\t<\/script>\n\t\t<!-- All in One SEO -->\n\n","aioseo_head_json":{"title":"Prefeitura divulga programa\u00e7\u00e3o dos Desfiles C\u00edvicos em Juazeiro do Norte | Encontra Juazeiro","description":"Desfiles C\u00edvicos em Juazeiro do Norte, descubra a programa\u00e7\u00e3o completa!","canonical_url":"https:\/\/www.encontrajuazeiro.com.br\/sobre\/prefeitura-divulga-programacao-dos-desfiles-civicos-em-juazeiro-do-norte\/","robots":"max-image-preview:large","keywords":"","webmasterTools":{"miscellaneous":""},"schema":{"@context":"https:\/\/schema.org","@graph":[{"@type":"Article","@id":"https:\/\/www.encontrajuazeiro.com.br\/sobre\/prefeitura-divulga-programacao-dos-desfiles-civicos-em-juazeiro-do-norte\/#article","name":"Prefeitura divulga programa\u00e7\u00e3o dos Desfiles C\u00edvicos em Juazeiro do Norte | Encontra Juazeiro","headline":"Prefeitura divulga programa\u00e7\u00e3o dos Desfiles C\u00edvicos em Juazeiro do Norte","author":{"@id":"https:\/\/www.encontrajuazeiro.com.br\/sobre\/author\/ejuazeiro\/#author"},"publisher":{"@id":"https:\/\/www.encontrajuazeiro.com.br\/sobre\/#organization"},"image":{"@type":"ImageObject","url":"https:\/\/www.encontrajuazeiro.com.br\/sobre\/wp-content\/uploads\/2026\/09\/prefeitura-divulga-programacao-dos-desfiles-civicos-em-juazeiro-do-norte.webp","width":280,"height":280,"caption":"Desfiles C\u00edvicos em Juazeiro do Norte"},"datePublished":"2026-09-01T01:12:44-03:00","dateModified":"2026-09-01T01:12:44-03:00","inLanguage":"pt-BR","mainEntityOfPage":{"@id":"https:\/\/www.encontrajuazeiro.com.br\/sobre\/prefeitura-divulga-programacao-dos-desfiles-civicos-em-juazeiro-do-norte\/#webpage"},"isPartOf":{"@id":"https:\/\/www.encontrajuazeiro.com.br\/sobre\/prefeitura-divulga-programacao-dos-desfiles-civicos-em-juazeiro-do-norte\/#webpage"},"articleSection":"Cultura Juazeiro"},{"@type":"BreadcrumbList","@id":"https:\/\/www.encontrajuazeiro.com.br\/sobre\/prefeitura-divulga-programacao-dos-desfiles-civicos-em-juazeiro-do-norte\/#breadcrumblist","itemListElement":[{"@type":"ListItem","@id":"https:\/\/www.encontrajuazeiro.com.br\/sobre#listItem","position":1,"name":"Home","item":"https:\/\/www.encontrajuazeiro.com.br\/sobre","nextItem":{"@type":"ListItem","@id":"https:\/\/www.encontrajuazeiro.com.br\/sobre\/cultura-em-juazeiro\/#listItem","name":"Cultura Juazeiro"}},{"@type":"ListItem","@id":"https:\/\/www.encontrajuazeiro.com.br\/sobre\/cultura-em-juazeiro\/#listItem","position":2,"name":"Cultura Juazeiro","item":"https:\/\/www.encontrajuazeiro.com.br\/sobre\/cultura-em-juazeiro\/","nextItem":{"@type":"ListItem","@id":"https:\/\/www.encontrajuazeiro.com.br\/sobre\/prefeitura-divulga-programacao-dos-desfiles-civicos-em-juazeiro-do-norte\/#listItem","name":"Prefeitura divulga programa\u00e7\u00e3o dos Desfiles C\u00edvicos em Juazeiro do Norte"},"previousItem":{"@type":"ListItem","@id":"https:\/\/www.encontrajuazeiro.com.br\/sobre#listItem","name":"Home"}},{"@type":"ListItem","@id":"https:\/\/www.encontrajuazeiro.com.br\/sobre\/prefeitura-divulga-programacao-dos-desfiles-civicos-em-juazeiro-do-norte\/#listItem","position":3,"name":"Prefeitura divulga programa\u00e7\u00e3o dos Desfiles C\u00edvicos em Juazeiro do Norte","previousItem":{"@type":"ListItem","@id":"https:\/\/www.encontrajuazeiro.com.br\/sobre\/cultura-em-juazeiro\/#listItem","name":"Cultura Juazeiro"}}]},{"@type":"Organization","@id":"https:\/\/www.encontrajuazeiro.com.br\/sobre\/#organization","name":"Encontra Juazeiro","description":"Not\u00edcias, eventos, informa\u00e7\u00f5es e dicas na cidade Juazeiro e regi\u00e3o.","url":"https:\/\/www.encontrajuazeiro.com.br\/sobre\/"},{"@type":"Person","@id":"https:\/\/www.encontrajuazeiro.com.br\/sobre\/author\/ejuazeiro\/#author","url":"https:\/\/www.encontrajuazeiro.com.br\/sobre\/author\/ejuazeiro\/","name":"Encontra Juazeiro","image":{"@type":"ImageObject","@id":"https:\/\/www.encontrajuazeiro.com.br\/sobre\/prefeitura-divulga-programacao-dos-desfiles-civicos-em-juazeiro-do-norte\/#authorImage","url":"https:\/\/secure.gravatar.com\/avatar\/507340682b8270222e1f208e23198b6ae7e2c6a1033ae84e99bc6bce4f82a387?s=96&d=mm&r=g","width":96,"height":96,"caption":"Encontra Juazeiro"}},{"@type":"WebPage","@id":"https:\/\/www.encontrajuazeiro.com.br\/sobre\/prefeitura-divulga-programacao-dos-desfiles-civicos-em-juazeiro-do-norte\/#webpage","url":"https:\/\/www.encontrajuazeiro.com.br\/sobre\/prefeitura-divulga-programacao-dos-desfiles-civicos-em-juazeiro-do-norte\/","name":"Prefeitura divulga programa\u00e7\u00e3o dos Desfiles C\u00edvicos em Juazeiro do Norte | Encontra Juazeiro","description":"Desfiles C\u00edvicos em Juazeiro do Norte, descubra a programa\u00e7\u00e3o completa!","inLanguage":"pt-BR","isPartOf":{"@id":"https:\/\/www.encontrajuazeiro.com.br\/sobre\/#website"},"breadcrumb":{"@id":"https:\/\/www.encontrajuazeiro.com.br\/sobre\/prefeitura-divulga-programacao-dos-desfiles-civicos-em-juazeiro-do-norte\/#breadcrumblist"},"author":{"@id":"https:\/\/www.encontrajuazeiro.com.br\/sobre\/author\/ejuazeiro\/#author"},"creator":{"@id":"https:\/\/www.encontrajuazeiro.com.br\/sobre\/author\/ejuazeiro\/#author"},"image":{"@type":"ImageObject","url":"https:\/\/www.encontrajuazeiro.com.br\/sobre\/wp-content\/uploads\/2026\/09\/prefeitura-divulga-programacao-dos-desfiles-civicos-em-juazeiro-do-norte.webp","@id":"https:\/\/www.encontrajuazeiro.com.br\/sobre\/prefeitura-divulga-programacao-dos-desfiles-civicos-em-juazeiro-do-norte\/#mainImage","width":280,"height":280,"caption":"Desfiles C\u00edvicos em Juazeiro do Norte"},"primaryImageOfPage":{"@id":"https:\/\/www.encontrajuazeiro.com.br\/sobre\/prefeitura-divulga-programacao-dos-desfiles-civicos-em-juazeiro-do-norte\/#mainImage"},"datePublished":"2026-09-01T01:12:44-03:00","dateModified":"2026-09-01T01:12:44-03:00"},{"@type":"WebSite","@id":"https:\/\/www.encontrajuazeiro.com.br\/sobre\/#website","url":"https:\/\/www.encontrajuazeiro.com.br\/sobre\/","name":"Encontra Juazeiro","description":"Not\u00edcias, eventos, informa\u00e7\u00f5es e dicas na cidade Juazeiro e regi\u00e3o.","inLanguage":"pt-BR","publisher":{"@id":"https:\/\/www.encontrajuazeiro.com.br\/sobre\/#organization"}}]},"og:locale":"pt_BR","og:site_name":"Encontra Juazeiro | Not\u00edcias, eventos, informa\u00e7\u00f5es e dicas na cidade Juazeiro e regi\u00e3o.","og:type":"article","og:title":"Prefeitura divulga programa\u00e7\u00e3o dos Desfiles C\u00edvicos em Juazeiro do Norte | Encontra Juazeiro","og:description":"Desfiles C\u00edvicos em Juazeiro do Norte, descubra a programa\u00e7\u00e3o completa!","og:url":"https:\/\/www.encontrajuazeiro.com.br\/sobre\/prefeitura-divulga-programacao-dos-desfiles-civicos-em-juazeiro-do-norte\/","article:published_time":"2026-09-01T04:12:44+00:00","article:modified_time":"2026-09-01T04:12:44+00:00","twitter:card":"summary_large_image","twitter:title":"Prefeitura divulga programa\u00e7\u00e3o dos Desfiles C\u00edvicos em Juazeiro do Norte | Encontra Juazeiro","twitter:description":"Desfiles C\u00edvicos em Juazeiro do Norte, descubra a programa\u00e7\u00e3o completa!"},"aioseo_meta_data":{"post_id":"1818","title":null,"description":null,"keywords":null,"keyphrases":null,"primary_term":null,"canonical_url":null,"og_title":null,"og_description":null,"og_object_type":"default","og_image_type":"default","og_image_url":null,"og_image_width":null,"og_image_height":null,"og_image_custom_url":null,"og_image_custom_fields":null,"og_video":null,"og_custom_url":null,"og_article_section":null,"og_article_tags":null,"twitter_use_og":false,"twitter_card":"default","twitter_image_type":"default","twitter_image_url":null,"twitter_image_custom_url":null,"twitter_image_custom_fields":null,"twitter_title":null,"twitter_description":null,"schema":{"blockGraphs":[],"customGraphs":[],"default":{"data":{"Article":[],"Course":[],"Dataset":[],"FAQPage":[],"Movie":[],"Person":[],"Product":[],"ProductReview":[],"Car":[],"Recipe":[],"Service":[],"SoftwareApplication":[],"WebPage":[]},"graphName":"Article","isEnabled":true},"graphs":[]},"schema_type":"default","schema_type_options":null,"pillar_content":false,"robots_default":true,"robots_noindex":false,"robots_noarchive":false,"robots_nosnippet":false,"robots_nofollow":false,"robots_noimageindex":false,"robots_noodp":false,"robots_notranslate":false,"robots_max_snippet":null,"robots_max_videopreview":null,"robots_max_imagepreview":"large","priority":null,"frequency":null,"local_seo":null,"breadcrumb_settings":null,"limit_modified_date":false,"ai":null,"created":"2026-09-01 04:12:44","updated":"2026-09-01 04:18:08","focus_keyword":null,"additional_keywords":null,"truseo_locale":null,"seo_analyzer_scan_date":null},"aioseo_breadcrumb":"<div class=\"aioseo-breadcrumbs\"><span class=\"aioseo-breadcrumb\">\n\t\t\t<a href=\"https:\/\/www.encontrajuazeiro.com.br\/sobre\" title=\"Home\">Home<\/a>\n\t\t<\/span><span class=\"aioseo-breadcrumb-separator\">&raquo;<\/span><span class=\"aioseo-breadcrumb\">\n\t\t\t<a href=\"https:\/\/www.encontrajuazeiro.com.br\/sobre\/cultura-em-juazeiro\/\" title=\"Cultura Juazeiro\">Cultura Juazeiro<\/a>\n\t\t<\/span><span class=\"aioseo-breadcrumb-separator\">&raquo;<\/span><span class=\"aioseo-breadcrumb\">\n\t\t\tPrefeitura divulga programa\u00e7\u00e3o dos Desfiles C\u00edvicos em Juazeiro do Norte\n\t\t<\/span><\/div>","aioseo_breadcrumb_json":[{"label":"Home","link":"https:\/\/www.encontrajuazeiro.com.br\/sobre"},{"label":"Cultura Juazeiro","link":"https:\/\/www.encontrajuazeiro.com.br\/sobre\/cultura-em-juazeiro\/"},{"label":"Prefeitura divulga programa\u00e7\u00e3o dos Desfiles C\u00edvicos em Juazeiro do Norte","link":"https:\/\/www.encontrajuazeiro.com.br\/sobre\/prefeitura-divulga-programacao-dos-desfiles-civicos-em-juazeiro-do-norte\/"}],"_links":{"self":[{"href":"https:\/\/www.encontrajuazeiro.com.br\/sobre\/wp-json\/wp\/v2\/posts\/1818","targetHints":{"allow":["GET"]}}],"collection":[{"href":"https:\/\/www.encontrajuazeiro.com.br\/sobre\/wp-json\/wp\/v2\/posts"}],"about":[{"href":"https:\/\/www.encontrajuazeiro.com.br\/sobre\/wp-json\/wp\/v2\/types\/post"}],"author":[{"embeddable":true,"href":"https:\/\/www.encontrajuazeiro.com.br\/sobre\/wp-json\/wp\/v2\/users\/1"}],"replies":[{"embeddable":true,"href":"https:\/\/www.encontrajuazeiro.com.br\/sobre\/wp-json\/wp\/v2\/comments?post=1818"}],"version-history":[{"count":0,"href":"https:\/\/www.encontrajuazeiro.com.br\/sobre\/wp-json\/wp\/v2\/posts\/1818\/revisions"}],"wp:featuredmedia":[{"embeddable":true,"href":"https:\/\/www.encontrajuazeiro.com.br\/sobre\/wp-json\/wp\/v2\/media\/1817"}],"wp:attachment":[{"href":"https:\/\/www.encontrajuazeiro.com.br\/sobre\/wp-json\/wp\/v2\/media?parent=1818"}],"wp:term":[{"taxonomy":"category","embeddable":true,"href":"https:\/\/www.encontrajuazeiro.com.br\/sobre\/wp-json\/wp\/v2\/categories?post=1818"},{"taxonomy":"post_tag","embeddable":true,"href":"https:\/\/www.encontrajuazeiro.com.br\/sobre\/wp-json\/wp\/v2\/tags?post=1818"}],"curies":[{"name":"wp","href":"https:\/\/api.w.org\/{rel}","templated":true}]}}